{"id":19766,"date":"2020-05-29T08:20:56","date_gmt":"2020-05-29T06:20:56","guid":{"rendered":"https:\/\/www.generationsanstabac.org\/actualites\/allemagne-avance-a-pas-comptes-vers-interdiction-publicitaire-tabac\/"},"modified":"2020-05-29T08:20:56","modified_gmt":"2020-05-29T06:20:56","slug":"allemagne-avance-a-pas-comptes-vers-interdiction-publicitaire-tabac","status":"publish","type":"actualites","link":"https:\/\/www.generationsanstabac.org\/en\/actualites\/allemagne-avance-a-pas-comptes-vers-interdiction-publicitaire-tabac\/","title":{"rendered":"Germany moves slowly towards banning tobacco advertising"},"content":{"rendered":"<p>Apr\u00e8s plus de dix ans de d\u00e9bats, la publicit\u00e9 pour les produits du tabac devrait enfin \u00eatre largement interdite selon un projet de loi pr\u00e9sent\u00e9 par les partis de la CDU\/CSU et SPD au Bundestag. Les d\u00e9put\u00e9s de la CDU et de la CSU avaient pr\u00e9c\u00e9demment longtemps bloqu\u00e9 une telle interdiction de publicit\u00e9. En 2016, le gouvernement f\u00e9d\u00e9ral avait adopt\u00e9 un projet de loi qui interdirait largement la publicit\u00e9 sur le tabac sur les panneaux d&rsquo;affichage et dans les cin\u00e9mas. Mais en raison de la r\u00e9sistance du groupe parlementaire CDU\/CSU, le projet de loi n&rsquo;a jamais \u00e9t\u00e9 adopt\u00e9 par le Bundestag. L&rsquo;Allemagne est d\u00e9sormais le dernier pays de l&rsquo;Union europ\u00e9enne o\u00f9 la publicit\u00e9 ext\u00e9rieure pour les produits du tabac est toujours autoris\u00e9e. La raison pour laquelle ces interdictions mettent autant de temps \u00e0 entrer en vigueur est financi\u00e8re. Les partis politiques ont l\u2019interdiction d\u2019accepter des financements des compagnies de tabac, mais les principaux partis en Allemagne font la sourde oreille et le lobby du tabac maintient une forte influence sur le gouvernement qui laisse le soin \u00e0 chaque \u00e9tat f\u00e9d\u00e9ral d\u2019\u00e9tablir les r\u00e8gles.<\/p>\n<p>\u00c0 partir du 1er janvier 2022, la publicit\u00e9 sur les panneaux d&rsquo;affichage ou aux arr\u00eats de bus, devrait \u00eatre interdite pour tous les produits du tabac conventionnels. \u00c0 partir de 2023, l&rsquo;interdiction devrait \u00e9galement s&rsquo;appliquer aux produits du tabac chauff\u00e9 &#8211; et \u00e0 partir de 2024 aux cigarettes \u00e9lectroniques. Ceci laisse \u00e0 l\u2019industrie un laps de temps tr\u00e8s long pour s\u2019adapter et \u00e9galement contester les dispositions. Pr\u00e8s de 100 millions d&rsquo;euros sont actuellement consacr\u00e9s chaque ann\u00e9e \u00e0 la publicit\u00e9 ext\u00e9rieure par l\u2019industrie du tabac dans le pays. Ce chiffre d\u00e9montre la volont\u00e9 de l\u2019industrie de faire la promotion de ses produits et d\u2019attirer de nouveaux consommateurs.<\/p>\n<p>\u00c0 partir de 2021, la publicit\u00e9 au cin\u00e9ma pour les produits du tabac devrait \u00e9galement \u00eatre interdite. De plus, les \u00e9chantillons gratuits ne devraient plus \u00eatre distribu\u00e9s, c&rsquo;est actuellement le cas, par exemple, dans les festivals de musique. Toutes ces modalit\u00e9s publicitaires et promotionnelles vont clairement \u00e0 l\u2019encontre de l\u2019article 13 de la <a href=\"https:\/\/apps.who.int\/iris\/bitstream\/handle\/10665\/42812\/9242591017.pdf;jsessionid=FCF4D4805070F3236695DE67CDBDD0F4?sequence=1\">Convention-cadre de l\u2019OMS pour la lutte antitabac<\/a> , que l\u2019Allemagne a ratifi\u00e9e en 2004<a href=\"#_ftn1\" name=\"_ftnref1\">[1]<\/a>. Cette derni\u00e8re impose aux Parties de ce trait\u00e9 international de mettre en \u0153uvre une interdiction compl\u00e8te de la publicit\u00e9, de la promotion et du parrainage en faveur du tabac et ce, dans les 5 ans suivant l\u2019entr\u00e9e en vigueur de la convention pour le pays.<\/p>\n<p>L&rsquo;interdiction de la publicit\u00e9 ext\u00e9rieure, au cin\u00e9ma et l&rsquo;interdiction des \u00e9chantillons gratuits, en combinaison avec les interdictions de publicit\u00e9 existantes, sont un moyen efficace \u00ab de parvenir \u00e0 une nouvelle r\u00e9duction du taux de tabagisme \u00bb, souligne le projet de loi. La pr\u00e9sence de publicit\u00e9s ext\u00e9rieures normalise le tabac, un produit dangereux et meurtrier. La publicit\u00e9 au cin\u00e9ma quant \u00e0 elle se d\u00e9roule dans un contexte positif de divertissement et la distribution gratuite incite \u00e0 l\u2019initiation et accroit la consommation. Tous ces \u00e9l\u00e9ments r\u00e9unis entravent fortement les politiques de sant\u00e9 et renforcent le tabagisme. Selon le rapport du gouvernement f\u00e9d\u00e9ral sur les drogues, plus de 120 000 personnes meurent chaque ann\u00e9e, pr\u00e9matur\u00e9ment, en Allemagne des suites de l&rsquo;usage du tabac<a href=\"#_ftn2\" name=\"_ftnref2\">[2]<\/a>.<\/p>\n<p><span style=\"color: #800080;\"><a style=\"color: #800080;\" href=\"https:\/\/www.generationsanstabac.org\/\">\u00a9G\u00e9n\u00e9ration Sans Tabac<\/a><\/span><\/p>\n<hr \/>\n<p>Source :  <a href=\"https:\/\/www.aerztezeitung.de\/Politik\/Strikteres-Tabak-Werbeverbot-soll-kommen-409786.html\">https:\/\/www.aerztezeitung.de\/Politik\/Strikteres-Tabak-Werbeverbot-soll-kommen-409786.html<\/a><\/p>\n<p><a href=\"#_ftnref1\" name=\"_ftn1\">[1]<\/a> <a href=\"https:\/\/www.oxysuisse.ch\/cclat_ratif\">https:\/\/www.oxysuisse.ch\/cclat_ratif<\/a><\/p>\n<p><a href=\"#_ftnref2\" name=\"_ftn2\">[2]<\/a> <a href=\"https:\/\/tobaccoatlas.org\/country\/germany\/\">https:\/\/tobaccoatlas.org\/country\/germany\/<\/a><\/p>\n<p><span style=\"color: #999999;\"><strong><a style=\"color: #999999;\" href=\"http:\/\/www.cnct.fr\/\" target=\"_blank\" rel=\"noopener noreferrer\">\u00a9Comit\u00e9 National Contre le Tabagisme |<\/a><\/strong><\/span><\/p>\n","protected":false},"excerpt":{"rendered":"<p>Germany is now the last country in the European Union where outdoor advertising for tobacco products is still permitted.<\/p>","protected":false},"featured_media":11711,"template":"","tags":[],"thematique":[507,491],"class_list":["post-19766","actualites","type-actualites","status-publish","has-post-thumbnail","hentry","thematique-marketing-publicite","thematique-politiques-publiques"],"acf":[],"_links":{"self":[{"href":"https:\/\/www.generationsanstabac.org\/en\/wp-json\/wp\/v2\/actualites\/19766","targetHints":{"allow":["GET"]}}],"collection":[{"href":"https:\/\/www.generationsanstabac.org\/en\/wp-json\/wp\/v2\/actualites"}],"about":[{"href":"https:\/\/www.generationsanstabac.org\/en\/wp-json\/wp\/v2\/types\/actualites"}],"version-history":[{"count":0,"href":"https:\/\/www.generationsanstabac.org\/en\/wp-json\/wp\/v2\/actualites\/19766\/revisions"}],"wp:featuredmedia":[{"embeddable":true,"href":"https:\/\/www.generationsanstabac.org\/en\/wp-json\/wp\/v2\/media\/11711"}],"wp:attachment":[{"href":"https:\/\/www.generationsanstabac.org\/en\/wp-json\/wp\/v2\/media?parent=19766"}],"wp:term":[{"taxonomy":"post_tag","embeddable":true,"href":"https:\/\/www.generationsanstabac.org\/en\/wp-json\/wp\/v2\/tags?post=19766"},{"taxonomy":"thematique","embeddable":true,"href":"https:\/\/www.generationsanstabac.org\/en\/wp-json\/wp\/v2\/thematique?post=19766"}],"curies":[{"name":"wp","href":"https:\/\/api.w.org\/{rel}","templated":true}]}}