{"id":19726,"date":"2020-05-13T14:35:53","date_gmt":"2020-05-13T12:35:53","guid":{"rendered":"https:\/\/www.generationsanstabac.org\/actualites\/2e-observatoire-industrie-du-tabac-pandemie-covid-19\/"},"modified":"2020-05-13T14:35:53","modified_gmt":"2020-05-13T12:35:53","slug":"2e-observatoire-industrie-du-tabac-pandemie-covid-19","status":"publish","type":"actualites","link":"https:\/\/www.generationsanstabac.org\/en\/actualites\/2e-observatoire-industrie-du-tabac-pandemie-covid-19\/","title":{"rendered":"Second observatory of the tobacco industry in the face of the COVID-19 pandemic"},"content":{"rendered":"<p><a href=\"https:\/\/exposetobacco.org\/\">STOP<\/a>, est un organisme de veille \u00e0 l\u2019\u00e9chelle internationale qui suit les pratiques d\u2019interf\u00e9rence de  l\u2019industrie du tabac dans les politiques publiques. L\u2019organisme a relev\u00e9 depuis le d\u00e9but de la pand\u00e9mie un regain d\u2019activit\u00e9 de cette l\u2019industrie dans de nombreux pays \u00e0 travers le monde. Cette recrudescence de la pr\u00e9sence de l\u2019industrie de tabac est li\u00e9e de tr\u00e8s pr\u00e8s \u00e0 la pand\u00e9mie Covid19 qui lui permet de blanchir son image. Pour rendre compte de ces agissements, STOP \u00e9tablit des \u00e9tats des lieux qui soulignent les initiatives renvoyant \u00e0 l\u2019utilisation de la responsabilit\u00e9 sociale des entreprises (RSE) comme processus d\u2019am\u00e9lioration de l\u2019image des fabricants, en particulier via des dons cibl\u00e9s en mat\u00e9riel, \u00e9quipements ou en argent.<\/p>\n<p><a href=\"https:\/\/www.generationsanstabac.org\/actualites\/observatoire-de-lindustrie-du-tabac-face-a-la-pandemie-de-covid-19\/\">La premi\u00e8re \u00e9dition<\/a> a couvert la une p\u00e9riode de 4 semaines allant du 20 mars au 16 avril, la deuxi\u00e8me a \u00e9t\u00e9 publi\u00e9 le 6 mai dernier et la prochaine \u00e9dition para\u00eetra le 20 mai prochain.<\/p>\n<h3><strong><u>Tendances majeures \u00e0 retenir de la deuxi\u00e8me p\u00e9riode de suivi <\/u><\/strong><\/h3>\n<ul>\n<li>Poursuite des activit\u00e9s de responsabilit\u00e9 sociale des entreprises (RSE) : Le blanchiment moral a continu\u00e9 d&rsquo;\u00eatre une r\u00e9ponse cl\u00e9 de l&rsquo;industrie, mais \u00e0 un niveau r\u00e9duit \u00e0 mesure que l&rsquo;industrie s&rsquo;oriente vers des interf\u00e9rences politiques et influence le d\u00e9bat scientifique.<\/li>\n<li>Poursuite des campagnes de marketing de certaines marques. Aux Etats-Unis, les entreprises de vapotage ont d\u00e9velopp\u00e9 des op\u00e9rations promotionnelles associant des \u00e9quipements de protection individuelle \u00e0 l\u2019achat de leurs produits.<\/li>\n<li>Les recherches scientifiques autour des produits du tabac et des risques li\u00e9s au COVID19 : Une \u00ab hypoth\u00e8se nicotinique \u00bb COVID-19 a \u00e9t\u00e9 publi\u00e9e sur la plate-forme non-v\u00e9rifi\u00e9e, \u00ab Qeios \u00bb<a href=\"#_ftn1\" name=\"_ftnref1\">[1]<\/a>&#8211;<a href=\"#_ftn2\" name=\"_ftnref2\">[2]<\/a>, par les scientifiques fran\u00e7ais <a href=\"https:\/\/forbetterscience.com\/2020\/04\/29\/lamoura-pour-la-cigarette-changeux-tout-covid-19\/\">Changeux, Miyara et Amoura<\/a>. D&rsquo;abord sugg\u00e9r\u00e9e par Konstantinos Farsalinos<a href=\"#_ftn3\" name=\"_ftnref3\">[3]<\/a>, l&rsquo;hypoth\u00e8se tente d&rsquo;expliquer le manque apparent de fumeurs actifs positifs au COVID-19, en sugg\u00e9rant un effet protecteur de la nicotine.<\/li>\n<\/ul>\n<h3><\/h3>\n<p><span style=\"color: #666699;\"><a style=\"color: #666699;\" href=\"https:\/\/www.generationsanstabac.org\/\">\u00a9G\u00e9n\u00e9ration Sans Tabac<\/a><\/span><\/p>\n<hr \/>\n<p><a href=\"#_ftnref1\" name=\"_ftn1\">[1]<\/a> https:\/\/www.qeios.com\/read\/WPP19W.3<\/p>\n<p><a href=\"#_ftnref2\" name=\"_ftn2\">[2]<\/a> https:\/\/www.qeios.com\/read\/FXGQSB.2<\/p>\n<p><a href=\"#_ftnref3\" name=\"_ftn3\">[3]<\/a> https:\/\/www.ncbi.nlm.nih.gov\/pmc\/articles\/PMC7192087\/<\/p>\n<p><span style=\"color: #e8e8e8;\"><strong><a style=\"color: #e8e8e8;\" href=\"http:\/\/www.cnct.fr\/\" target=\"_blank\" rel=\"noopener noreferrer\">\u00a9Comit\u00e9 National Contre le Tabagisme |<\/a><\/strong><\/span><\/p>\n","protected":false},"excerpt":{"rendered":"<p>The organization has noted a resurgence in tobacco industry activity in many countries around the world since the start of the pandemic.<\/p>","protected":false},"featured_media":10270,"template":"","tags":[],"thematique":[499],"class_list":["post-19726","actualites","type-actualites","status-publish","has-post-thumbnail","hentry","thematique-lobby"],"acf":[],"_links":{"self":[{"href":"https:\/\/www.generationsanstabac.org\/en\/wp-json\/wp\/v2\/actualites\/19726","targetHints":{"allow":["GET"]}}],"collection":[{"href":"https:\/\/www.generationsanstabac.org\/en\/wp-json\/wp\/v2\/actualites"}],"about":[{"href":"https:\/\/www.generationsanstabac.org\/en\/wp-json\/wp\/v2\/types\/actualites"}],"version-history":[{"count":0,"href":"https:\/\/www.generationsanstabac.org\/en\/wp-json\/wp\/v2\/actualites\/19726\/revisions"}],"wp:featuredmedia":[{"embeddable":true,"href":"https:\/\/www.generationsanstabac.org\/en\/wp-json\/wp\/v2\/media\/10270"}],"wp:attachment":[{"href":"https:\/\/www.generationsanstabac.org\/en\/wp-json\/wp\/v2\/media?parent=19726"}],"wp:term":[{"taxonomy":"post_tag","embeddable":true,"href":"https:\/\/www.generationsanstabac.org\/en\/wp-json\/wp\/v2\/tags?post=19726"},{"taxonomy":"thematique","embeddable":true,"href":"https:\/\/www.generationsanstabac.org\/en\/wp-json\/wp\/v2\/thematique?post=19726"}],"curies":[{"name":"wp","href":"https:\/\/api.w.org\/{rel}","templated":true}]}}