{"id":19723,"date":"2020-05-11T12:52:29","date_gmt":"2020-05-11T10:52:29","guid":{"rendered":"https:\/\/www.generationsanstabac.org\/actualites\/industrie-tabac-epinglee-protection-salaries-covid19\/"},"modified":"2020-05-11T12:52:29","modified_gmt":"2020-05-11T10:52:29","slug":"industrie-tabac-epinglee-protection-salaries-covid19","status":"publish","type":"actualites","link":"https:\/\/www.generationsanstabac.org\/en\/actualites\/industrie-tabac-epinglee-protection-salaries-covid19\/","title":{"rendered":"Tobacco industry criticized for failing to protect its employees from Covid19"},"content":{"rendered":"<p>L&rsquo;organisation mondiale de surveillance de l&rsquo;industrie du tabac <a href=\"https:\/\/exposetobacco.org\/\">STOP<\/a> et <a href=\"https:\/\/ash.org\/\">Action on Smoking and Health<\/a> (ASH) alertent sur l\u2019exposition au Covid19 de salari\u00e9s travaillant pour l\u2019industrie du tabac. Cettealerte survient alors que <a href=\"https:\/\/www.thejakartapost.com\/news\/2020\/04\/30\/sampoerna-factory-closes-after-two-covid-19-deaths-authorities-race-to-trace-contacts.html\">deux ouvriers sont morts du COVID19<\/a> et des dizaines d&rsquo;autres ont \u00e9t\u00e9 test\u00e9s positifs \u00e0 HM Sampoerna, une filiale de Philip Morris International en Indon\u00e9sie.<\/p>\n<p>Selon des informations parues dans le Jakarta Post, neuf travailleurs de l&rsquo;usine du district de Rungkut \u00e0 Surabaya, dans l\u2019est de Java, qui emploie au moins 500 personnes, ont \u00e9t\u00e9 admis \u00e0 l&rsquo;h\u00f4pital. L&rsquo;usine de Sampoerna a ferm\u00e9 ses portes le 27 avril, plus de trois semaines apr\u00e8s qu&rsquo;un travailleur ait d\u00e9clar\u00e9 les premiers sympt\u00f4mes (le 2 avril) et pr\u00e8s de <a href=\"https:\/\/republika.co.id\/berita\/q9sl06383\/karyawan-positif-corona-saham-sampoerna-anjlok-439-persen\">deux semaines<\/a> apr\u00e8s la mort du travailleur (environ le 18 avril).<\/p>\n<p>Plus t\u00f4t en avril, des travailleurs de la fabrique de cigarettes Ibadan dans l&rsquo;\u00c9tat d&rsquo;Oyo au Nig\u00e9ria, o\u00f9 des mesures de distanciation sociale devaient \u00eatre mises en place, <a href=\"https:\/\/casefileng.com\/2020\/03\/28\/british-american-tobacco-company-workers-accuses-management-of-exposing-them-to-covid-19\/\">ont accus\u00e9 la direction de British American Tobacco<\/a> de les exposer \u00e0 un risque d&rsquo;infection au COVID19. Une plainte similaire a \u00e9t\u00e9 signal\u00e9e au Zimbabwe, o\u00f9 l&rsquo;Union nationale de l&rsquo;industrie du tabac et des m\u00e9tiers connexes a exig\u00e9 la <a href=\"https:\/\/www.newzimbabwe.com\/tobacco-workers-union-call-for-auction-floor-opening-delay-until-lockdown-ends\/\">suspension des ench\u00e8res annuelles de tabac<\/a> pendant que le pays se trouvait dans une situation de confinement national.<\/p>\n<h4><strong>Des ant\u00e9c\u00e9dents en mati\u00e8re d\u2019atteinte aux droits de l&rsquo;homme et de pratiques de travail et conditions de travail dangereuses<\/strong><\/h4>\n<p>M\u00eame avant l\u2019\u00e9pid\u00e9mie de COVID19, les compagnies de tabac ont \u00e9t\u00e9 mises en cause dans plusieurs cas de conditions de travail inhumaines et dangereuses. En 2019, des avocats des droits de l&rsquo;homme ont d\u00e9pos\u00e9 une plainte au nom des producteurs de tabac au <a href=\"https:\/\/www.theguardian.com\/global-development\/2019\/oct\/31\/bat-faces-landmark-legal-case-over-malawi-families-poverty-wages\">Malawi<\/a>. En 2010, Human Rights Watch a d\u00e9nonc\u00e9 le travail des enfants dans des exploitations agricoles qui fournissaient du tabac \u00e0 Philip Morris International au Kazakhstan<a href=\"#_ftn2\" name=\"_ftnref2\">[2]<\/a>.<\/p>\n<p>Au Nigeria, les travailleurs licenci\u00e9s<a href=\"#_ftn3\" name=\"_ftnref3\">[3]<\/a> d&rsquo;une usine de British American Tobacco Ibadan avaient auparavant demand\u00e9 au gouvernement nig\u00e9rian de poursuivre l&rsquo;entreprise pour traitement inhumain, y compris pour une exposition massive aux feuilles de tabac brut provoquant une intoxication \u00e0 la nicotine dans des locaux de surcro\u00eet mal ventil\u00e9s.<\/p>\n<p>\u00ab <em>En exposant leurs employ\u00e9s et, au-del\u00e0, le reste de la population, \u00e0 un plus grand risque de coronavirus, l&rsquo;industrie du tabac d\u00e9montre une fois de plus son m\u00e9pris total pour la sant\u00e9, la vie et les droits de l&rsquo;homme. Et tout cela pour garantir l&rsquo;approvisionnement d&rsquo;un produit qui tue lorsqu&rsquo;il est consomm\u00e9 exactement comme le souhaite l&rsquo;industrie<\/em> \u00bb, a d\u00e9clar\u00e9 Laurent Huber, directeur ex\u00e9cutif d\u2019Actions on Smoking in Health.  Les gouvernements doivent veiller \u00e0 ce que les compagnies de tabac et leurs fournisseurs respectent les distances physiques et autres mesures pour ralentir la propagation du coronavirus.<\/p>\n<p><span style=\"color: #666699;\"><a style=\"color: #666699;\" href=\"https:\/\/www.generationsanstabac.org\/\">\u00a9G\u00e9n\u00e9ration Sans Tabac<\/a><\/span><\/p>\n<p><a href=\"#_ftnref1\" name=\"_ftn1\"><\/a><\/p>\n<hr \/>\n<p><a href=\"#_ftnref2\" name=\"_ftn2\">[2]<\/a> <a href=\"https:\/\/www.nytimes.com\/2010\/07\/14\/business\/global\/14smoke.html\">https:\/\/www.nytimes.com\/2010\/07\/14\/business\/global\/14smoke.html<\/a><\/p>\n<p><a href=\"#_ftnref3\" name=\"_ftn3\">[3]<\/a> <a href=\"https:\/\/www.environewsnigeria.com\/suffered-work-related-illnesses-fired\/\">https:\/\/www.environewsnigeria.com\/suffered-work-related-illnesses-fired\/<\/a><\/p>\n<p><strong><a href=\"http:\/\/www.cnct.fr\/\" target=\"_blank\" rel=\"noopener noreferrer\">\u00a9Comit\u00e9 National Contre le Tabagisme |<\/a><\/strong><\/p>\n","protected":false},"excerpt":{"rendered":"<p>STOP and Action on Smoking and Health (ASH) warn of exposure to Covid19 among employees working for the tobacco industry.<\/p>","protected":false},"featured_media":15112,"template":"","tags":[],"thematique":[502,474],"class_list":["post-19723","actualites","type-actualites","status-publish","has-post-thumbnail","hentry","thematique-justice","thematique-sante"],"acf":[],"_links":{"self":[{"href":"https:\/\/www.generationsanstabac.org\/en\/wp-json\/wp\/v2\/actualites\/19723","targetHints":{"allow":["GET"]}}],"collection":[{"href":"https:\/\/www.generationsanstabac.org\/en\/wp-json\/wp\/v2\/actualites"}],"about":[{"href":"https:\/\/www.generationsanstabac.org\/en\/wp-json\/wp\/v2\/types\/actualites"}],"version-history":[{"count":0,"href":"https:\/\/www.generationsanstabac.org\/en\/wp-json\/wp\/v2\/actualites\/19723\/revisions"}],"wp:featuredmedia":[{"embeddable":true,"href":"https:\/\/www.generationsanstabac.org\/en\/wp-json\/wp\/v2\/media\/15112"}],"wp:attachment":[{"href":"https:\/\/www.generationsanstabac.org\/en\/wp-json\/wp\/v2\/media?parent=19723"}],"wp:term":[{"taxonomy":"post_tag","embeddable":true,"href":"https:\/\/www.generationsanstabac.org\/en\/wp-json\/wp\/v2\/tags?post=19723"},{"taxonomy":"thematique","embeddable":true,"href":"https:\/\/www.generationsanstabac.org\/en\/wp-json\/wp\/v2\/thematique?post=19723"}],"curies":[{"name":"wp","href":"https:\/\/api.w.org\/{rel}","templated":true}]}}