{"id":19692,"date":"2020-04-29T07:37:08","date_gmt":"2020-04-29T05:37:08","guid":{"rendered":"https:\/\/www.generationsanstabac.org\/actualites\/pakistan-taxes-tabac-financer-lutte-coronavirus\/"},"modified":"2020-04-29T07:37:08","modified_gmt":"2020-04-29T05:37:08","slug":"pakistan-taxes-tabac-financer-lutte-coronavirus","status":"publish","type":"actualites","link":"https:\/\/www.generationsanstabac.org\/en\/actualites\/pakistan-taxes-tabac-financer-lutte-coronavirus\/","title":{"rendered":"Taxing tobacco to fund the fight against the Coronavirus? In Pakistan, it\u2019s a yes."},"content":{"rendered":"<p style=\"text-align: justify;\">Au Pakistan, Sajjad Ahmed Cheema, directeur ex\u00e9cutif de la Soci\u00e9t\u00e9 pour la Protection des Droits de l\u2019Enfant (SPARC), a annonc\u00e9 que les pouvoirs publics allaient augmenter les taxes sur les produits du tabac ainsi que sur les sodas, afin d\u2019affecter ces nouvelles ressources financi\u00e8res \u00e0 la lutte contre la pand\u00e9mie de Coronavirus<a href=\"#_ftn1\" name=\"_ftnref1\">[1]<\/a>.<\/p>\n<p style=\"text-align: justify;\">Le pays subit actuellement de plein fouet la propagation du Coronavirus, \u00e0 laquelle le trop fragile syst\u00e8me de sant\u00e9 n\u2019est pas pr\u00e9par\u00e9, d\u2019autant que ce dernier souffre particuli\u00e8rement des effets du tabagisme : chaque ann\u00e9e, 160 000 pakistanais meurent en raison de leur consommation de tabac. Le tabagisme continue de cro\u00eetre dans le pays en raison d\u2019une strat\u00e9gie commerciale et marketing agressive de la part de l\u2019industrie du tabac (bas prix, publicit\u00e9, organisation du commerce illicite et de la contrebande), et de la vitalit\u00e9 d\u00e9mographique de la r\u00e9gion<a href=\"#_ftn2\" name=\"_ftnref2\">[2]<\/a>.<\/p>\n<p style=\"text-align: justify;\">Selon Malik Imran Ahmed de Tobacco Free Kid, ces surtaxes de 1 \u00e0 10 roupies sur les produits du tabac et les boissons gazeuses permettraient de d\u00e9gager rapidement des milliards de revenus, tout en r\u00e9duisant l\u2019accessibilit\u00e9 de ces produits, dont l\u2019impact sanitaire sur les plus jeunes g\u00e9n\u00e9rations n\u2019est plus \u00e0 d\u00e9montrer.<\/p>\n<p style=\"text-align: justify;\">Une augmentation des taxes coordonn\u00e9e, r\u00e9guli\u00e8re et significative, conduisant \u00e0 une hausse des prix des produits du tabac reste le levier le plus efficace pour r\u00e9duire la pr\u00e9valence tabagique d\u2019une population, en particulier aupr\u00e8s des jeunes et des plus pr\u00e9caires.  Cette disposition est par ailleurs pr\u00e9vue par la Convention-cadre de l\u2019Organisation Mondiale de la Sant\u00e9 pour la Lutte Antitabac (CCLAT), que le Pakistan a ratifi\u00e9e et s\u2019est engag\u00e9 \u00e0 mettre en oeuvre.<\/p>\n<p style=\"text-align: justify;\">Alors que l\u2019industrie du tabac multiplie les op\u00e9rations de communication en mati\u00e8re de responsabilit\u00e9 sociale des entreprises, cherchant \u00e0 tirer profit de la pand\u00e9mie pour am\u00e9liorer son image publique, la r\u00e9affectation de taxes suppl\u00e9mentaires sur les produits du tabac vers un fonds d\u00e9di\u00e9 \u00e0 la lutte contre la pand\u00e9mie appara\u00eet comme une solution pertinente, d\u2019autant plus quand on sait que les fumeurs ont davantage de chances de d\u00e9velopper des formes graves de Coronavirus.<\/p>\n<p><span style=\"color: #666699;\"><a style=\"color: #666699;\" href=\"https:\/\/www.generationsanstabac.org\/\">\u00a9G\u00e9n\u00e9ration Sans Tabac<\/a><\/span><\/p>\n<hr \/>\n<p><a href=\"#_ftnref1\" name=\"_ftn1\">[1]<\/a> The News, \u00ab <em>Higher tobacco taxation to help fight coronavirus<\/em> \u00bb, 11 avril 2020<\/p>\n<p><a href=\"https:\/\/www.thenews.com.pk\/print\/642503-higher-tobacco-taxation-to-help-fight-coronavirus\">https:\/\/www.thenews.com.pk\/print\/642503-higher-tobacco-taxation-to-help-fight-coronavirus<\/a><\/p>\n<p><a href=\"#_ftnref2\" name=\"_ftn2\">[2]<\/a> G\u00e9n\u00e9ration Sans Tabac, \u00ab <em>Quand les industries du tabac d\u00e9t\u00e9riorent le syst\u00e8me de sant\u00e9 pakistanais<\/em> \u00bb<\/p>\n<p><a href=\"https:\/\/www.generationsanstabac.org\/actualites\/quand-les-industries-du-tabac-deteriorent-le-systeme-de-sante-pakistanais\/\">https:\/\/www.generationsanstabac.org\/actualites\/quand-les-industries-du-tabac-deteriorent-le-systeme-de-sante-pakistanais\/<\/a>, 2 avril 2020<\/p>\n<p><span style=\"color: #e8e8e8;\"><strong><a style=\"color: #e8e8e8;\" href=\"http:\/\/www.cnct.fr\/\" target=\"_blank\" rel=\"noopener noreferrer\">\u00a9Comit\u00e9 National Contre le Tabagisme |<\/a><\/strong><\/span><\/p>\n","protected":false},"excerpt":{"rendered":"<p>Pakistan is currently experiencing the full impact of the spread of the Coronavirus, for which the fragile health system is not prepared.<\/p>","protected":false},"featured_media":19693,"template":"","tags":[],"thematique":[491],"class_list":["post-19692","actualites","type-actualites","status-publish","has-post-thumbnail","hentry","thematique-politiques-publiques"],"acf":[],"_links":{"self":[{"href":"https:\/\/www.generationsanstabac.org\/en\/wp-json\/wp\/v2\/actualites\/19692","targetHints":{"allow":["GET"]}}],"collection":[{"href":"https:\/\/www.generationsanstabac.org\/en\/wp-json\/wp\/v2\/actualites"}],"about":[{"href":"https:\/\/www.generationsanstabac.org\/en\/wp-json\/wp\/v2\/types\/actualites"}],"version-history":[{"count":0,"href":"https:\/\/www.generationsanstabac.org\/en\/wp-json\/wp\/v2\/actualites\/19692\/revisions"}],"wp:featuredmedia":[{"embeddable":true,"href":"https:\/\/www.generationsanstabac.org\/en\/wp-json\/wp\/v2\/media\/19693"}],"wp:attachment":[{"href":"https:\/\/www.generationsanstabac.org\/en\/wp-json\/wp\/v2\/media?parent=19692"}],"wp:term":[{"taxonomy":"post_tag","embeddable":true,"href":"https:\/\/www.generationsanstabac.org\/en\/wp-json\/wp\/v2\/tags?post=19692"},{"taxonomy":"thematique","embeddable":true,"href":"https:\/\/www.generationsanstabac.org\/en\/wp-json\/wp\/v2\/thematique?post=19692"}],"curies":[{"name":"wp","href":"https:\/\/api.w.org\/{rel}","templated":true}]}}