{"id":19679,"date":"2020-04-23T16:37:00","date_gmt":"2020-04-23T14:37:00","guid":{"rendered":"https:\/\/www.generationsanstabac.org\/actualites\/tabagisme-depression-et-si-on-parlait\/"},"modified":"2020-04-23T16:37:00","modified_gmt":"2020-04-23T14:37:00","slug":"tabagisme-depression-et-si-on-parlait","status":"publish","type":"actualites","link":"https:\/\/www.generationsanstabac.org\/en\/actualites\/tabagisme-depression-et-si-on-parlait\/","title":{"rendered":"Smoking and depression, what if we talked about it?"},"content":{"rendered":"<p style=\"text-align: justify;\">La pr\u00e9valence tabagique, r\u00e9guli\u00e8re ou occasionnelle, est plus importante chez les personnes souffrant de d\u00e9pression, conclut l\u2019\u00e9tude publi\u00e9e dans l\u2019<em>American Journal of Preventive Medicine<\/em>, en mars 2020.<\/p>\n<p style=\"text-align: justify;\">S\u2019int\u00e9ressant \u00e0 un \u00e9chantillon de plus de 860 000 fumeurs r\u00e9guliers et occasionnels, de 2005 \u00e0 2017, les chercheurs ont compar\u00e9 l\u2019\u00e9volution des taux d\u2019abandon et de pr\u00e9valence tabagique, entre des sujets atteints de d\u00e9pression et des sujets non-atteints.<br \/>\natteints.<\/p>\n<ul style=\"text-align: justify;\">\n<li>Pour les sujets atteints de d\u00e9pression la pr\u00e9valence tabagique occasionnelle reste constante (9,25% en 2005 ; 9.40% en 2017) alors qu\u2019elle d\u00e9croit chez ceux qui n\u2019en sont pas atteints (7.02% en 2005 ; 5.85% en 2017)<\/li>\n<\/ul>\n<ul style=\"text-align: justify;\">\n<li>Pour les sujets atteints de d\u00e9pression la pr\u00e9valence tabagique quotidienne diminue (25.21% en 2005 ; 15.11% en 2017), tout comme chez ceux qui n\u2019en sont pas atteints (14.94% en 2005 ; 9.76 en 2017) ;<\/li>\n<\/ul>\n<ul style=\"text-align: justify;\">\n<li>Pour les sujets atteints de d\u00e9pression le taux d\u2019abandon augmente (28.61% en 2005 ; 39.75% en 2017), comme chez ceux qui n\u2019en sont pas atteints (47.65% en 2005 ; 53.09% en 2017) .<\/li>\n<\/ul>\n<p style=\"text-align: justify;\">A premi\u00e8re vue, ces ratios sont rassurants, en ce qu\u2019ils permettent de conclure sur une baisse globale de la pr\u00e9valence tabagique, parall\u00e8le \u00e0 une augmentation des taux d\u2019abandon, quelle que soit la cat\u00e9gorie. Cependant, on remarque une disparit\u00e9 entre les sujets atteints et non-atteints de d\u00e9pression. Les patients souffrant de d\u00e9pression seraient effectivement plus enclins \u00e0 rester dans la d\u00e9pendance tabagique<a href=\"https:\/\/www.ajpmonline.org\/article\/S0749-3797(20)30052-0\/fulltext\">[1]<\/a>.<\/p>\n<p style=\"text-align: justify;\">Cette \u00e9tude faisant la lumi\u00e8re sur les in\u00e9galit\u00e9s touchant le sous-ensemble de fumeurs souffrant de d\u00e9pression, et sur leur vuln\u00e9rabilit\u00e9 face \u00e0 la d\u00e9pendance, il est \u00e0 attendre des autorit\u00e9s sanitaires qu\u2019elles innovent, en termes de mesures de sant\u00e9 publiques relatives au contr\u00f4le et \u00e0 la pr\u00e9vention du tabagisme, dans un souci d\u2019efficacit\u00e9<a href=\"https:\/\/www.psychiatryadvisor.com\/home\/depression-advisor\/depression-associated-with-higher-cigarette-use-and-lower-quit-rates\/\">[2]<\/a>.<\/p>\n<p><span style=\"color: #666699;\"><a style=\"color: #666699;\" href=\"https:\/\/www.generationsanstabac.org\/\">\u00a9G\u00e9n\u00e9ration Sans Tabac<\/a><\/span><\/p>\n<hr \/>\n<p>[1] <a href=\"https:\/\/www.ajpmonline.org\/article\/S0749-3797(20)30052-0\/fulltext\">https:\/\/www.ajpmonline.org\/article\/S0749-3797(20)30052-0\/fulltext<\/a><\/p>\n<p>[2] <a href=\"https:\/\/www.psychiatryadvisor.com\/home\/depression-advisor\/depression-associated-with-higher-cigarette-use-and-lower-quit-rates\/\">https:\/\/www.psychiatryadvisor.com\/home\/depression-advisor\/depression-associated-with-higher-cigarette-use-and-lower-quit-rates\/<\/a><\/p>\n<p><span style=\"color: #e8e8e8;\"><strong><a style=\"color: #e8e8e8;\" href=\"http:\/\/dnf.asso.fr\/\/\" target=\"_blank\" rel=\"noopener noreferrer\"> \u00a9DNF &#8211; Pour un Monde ZeroTabac |<\/a><\/strong><\/span><\/p>\n","protected":false},"excerpt":{"rendered":"<p>According to a study published in March 2020, the prevalence of smoking would be higher among people suffering from depression.<\/p>","protected":false},"featured_media":15075,"template":"","tags":[],"thematique":[474],"class_list":["post-19679","actualites","type-actualites","status-publish","has-post-thumbnail","hentry","thematique-sante"],"acf":[],"_links":{"self":[{"href":"https:\/\/www.generationsanstabac.org\/en\/wp-json\/wp\/v2\/actualites\/19679","targetHints":{"allow":["GET"]}}],"collection":[{"href":"https:\/\/www.generationsanstabac.org\/en\/wp-json\/wp\/v2\/actualites"}],"about":[{"href":"https:\/\/www.generationsanstabac.org\/en\/wp-json\/wp\/v2\/types\/actualites"}],"version-history":[{"count":0,"href":"https:\/\/www.generationsanstabac.org\/en\/wp-json\/wp\/v2\/actualites\/19679\/revisions"}],"wp:featuredmedia":[{"embeddable":true,"href":"https:\/\/www.generationsanstabac.org\/en\/wp-json\/wp\/v2\/media\/15075"}],"wp:attachment":[{"href":"https:\/\/www.generationsanstabac.org\/en\/wp-json\/wp\/v2\/media?parent=19679"}],"wp:term":[{"taxonomy":"post_tag","embeddable":true,"href":"https:\/\/www.generationsanstabac.org\/en\/wp-json\/wp\/v2\/tags?post=19679"},{"taxonomy":"thematique","embeddable":true,"href":"https:\/\/www.generationsanstabac.org\/en\/wp-json\/wp\/v2\/thematique?post=19679"}],"curies":[{"name":"wp","href":"https:\/\/api.w.org\/{rel}","templated":true}]}}