{"id":19668,"date":"2020-04-20T09:48:03","date_gmt":"2020-04-20T07:48:03","guid":{"rendered":"https:\/\/www.generationsanstabac.org\/actualites\/le-point-commun-entre-lafrique-du-sud-et-linde\/"},"modified":"2020-04-20T09:48:03","modified_gmt":"2020-04-20T07:48:03","slug":"le-point-commun-entre-lafrique-du-sud-et-linde","status":"publish","type":"actualites","link":"https:\/\/www.generationsanstabac.org\/en\/actualites\/le-point-commun-entre-lafrique-du-sud-et-linde\/","title":{"rendered":"What South Africa and India have in common"},"content":{"rendered":"<p style=\"text-align: justify;\">L\u2019Afrique du Sud et l\u2019Inde<a href=\"https:\/\/www.indiatoday.in\/india\/story\/liquor-tobacco-gutka-sale-lockdown-coronavirus-1667134-2020-04-15\">[1]<\/a> ont tous deux interdit la vente de tabac sur l\u2019ensemble de leur territoire national afin de contrecarrer la pand\u00e9mie du coronavirus.<\/p>\n<p style=\"text-align: justify;\">Avec 2\u202f605 cas confirm\u00e9s de personnes infect\u00e9es par le SARS-CoV-2, l\u2019Afrique du Sud est le pays africain le plus touch\u00e9 par la crise sanitaire actuelle<a href=\"https:\/\/fr.statista.com\/statistiques\/1091585\/morts-infections-coronavirus-monde\/\">[2]<\/a>. Le pays d\u00e9nombre 50 d\u00e9c\u00e8s, \u00e0 ce jour.<\/p>\n<p style=\"text-align: justify;\">L\u2019Inde, quant \u00e0 elle, comptabilise 13\u202f485 cas confirm\u00e9s et 488 d\u00e9c\u00e8s.<\/p>\n<p style=\"text-align: justify;\">M\u00eame si les chiffres semblent relater un nombre inf\u00e9rieur de cas d\u2019infection confirm\u00e9s et de d\u00e9c\u00e8s par rapport aux Etats-Unis ou \u00e0 la France, la situation n\u2019en demeure pas moins grave. Bien au contraire, ces chiffres seraient sous-estim\u00e9s compte tenu des faibles moyens de d\u00e9pistage dont ces pays \u00e9mergents disposent r\u00e9ellement<a href=\"https:\/\/www.francetvinfo.fr\/sante\/maladie\/coronavirus\/coronavirus-l-inde-prolonge-jusqu-au-3-mai-le-plus-grand-confinement-du-monde_3914333.html\">[3]<\/a>. Il est \u00e9galement \u00e0 rappeler que les \u00e9tablissements de sant\u00e9 en Inde ou en Afrique du Sud ne sont pas \u00e9gaux par rapport aux infrastructures des pays d\u00e9velopp\u00e9s. La gestion de proportions d\u2019infection semblables \u00e0 celles qui frappent les Etats-Unis serait donc source de difficult\u00e9s certaines en Afrique du Sud ou en Inde.<\/p>\n<p style=\"text-align: justify;\">En ce sens, les initiatives de ces gouvernements sont exemplaires et, bien \u00e9videmment, \u00e0 saluer. Elles visent effectivement \u00e0 pr\u00e9venir, au lieu de gu\u00e9rir. Le Covid-19 \u00e9tant une infection respiratoire mortelle se transmettant de mani\u00e8re interhumaine, par gouttelette<a href=\"https:\/\/solidarites-sante.gouv.fr\/soins-et-maladies\/maladies\/maladies-infectieuses\/coronavirus\/tout-savoir-sur-le-covid-19\/article\/reponses-a-vos-questions-sur-le-covid-19-par-des-medecins\">[4]<\/a>, la fum\u00e9e de tabac expir\u00e9e par les fumeurs peut potentiellement participer \u00e0 r\u00e9pandre le virus.<\/p>\n<p style=\"text-align: justify;\">Qui plus est, en fumant, les doigts se retrouvent en contact avec la bouche et augment ainsi le risque de contracter le virus chez les fumeurs<a href=\"https:\/\/www.indiatoday.in\/india\/story\/liquor-tobacco-gutka-sale-lockdown-coronavirus-1667134-2020-04-15\">[5]<\/a>. De plus, le coronavirus \u00e9tant une infection respiratoire, les fumeurs dont le syst\u00e8me respiratoire est endommag\u00e9 par la fum\u00e9e de cigarette, sont plus vuln\u00e9rables aux complications voire aux risques de d\u00e9c\u00e8s.<\/p>\n<p>Voici donc de belles initiatives privil\u00e9giant davantage la sant\u00e9 des populations plut\u00f4t que les b\u00e9n\u00e9fices \u00e9conomiques !<\/p>\n<p><span style=\"color: #666699;\"><a style=\"color: #666699;\" href=\"https:\/\/www.generationsanstabac.org\/\">\u00a9G\u00e9n\u00e9ration Sans Tabac<\/a><\/span><\/p>\n<hr \/>\n<p>[1] <a href=\"https:\/\/www.indiatoday.in\/india\/story\/liquor-tobacco-gutka-sale-lockdown-coronavirus-1667134-2020-04-15\">https:\/\/www.indiatoday.in\/india\/story\/liquor-tobacco-gutka-sale-lockdown-coronavirus-1667134-2020-04-15<\/a><\/p>\n<p>[2] <a href=\"https:\/\/fr.statista.com\/statistiques\/1091585\/morts-infections-coronavirus-monde\/\">https:\/\/fr.statista.com\/statistiques\/1091585\/morts-infections-coronavirus-monde\/<\/a><\/p>\n<p>[3] <a href=\"https:\/\/www.francetvinfo.fr\/sante\/maladie\/coronavirus\/coronavirus-l-inde-prolonge-jusqu-au-3-mai-le-plus-grand-confinement-du-monde_3914333.html\">https:\/\/www.francetvinfo.fr\/sante\/maladie\/coronavirus\/coronavirus-l-inde-prolonge-jusqu-au-3-mai-le-plus-grand-confinement-du-monde_3914333.html<\/a><\/p>\n<p>[4] <a href=\"https:\/\/solidarites-sante.gouv.fr\/soins-et-maladies\/maladies\/maladies-infectieuses\/coronavirus\/tout-savoir-sur-le-covid-19\/article\/reponses-a-vos-questions-sur-le-covid-19-par-des-medecins\">https:\/\/solidarites-sante.gouv.fr\/soins-et-maladies\/maladies\/maladies-infectieuses\/coronavirus\/tout-savoir-sur-le-covid-19\/article\/reponses-a-vos-questions-sur-le-covid-19-par-des-medecins<\/a><\/p>\n<p>[5] <a href=\"https:\/\/www.indiatoday.in\/india\/story\/liquor-tobacco-gutka-sale-lockdown-coronavirus-1667134-2020-04-15\">https:\/\/www.indiatoday.in\/india\/story\/liquor-tobacco-gutka-sale-lockdown-coronavirus-1667134-2020-04-15<\/a><\/p>\n<p><span style=\"color: #e8e8e8;\"><strong><a style=\"color: #e8e8e8;\" href=\"http:\/\/dnf.asso.fr\/\/\" target=\"_blank\" rel=\"noopener noreferrer\"> \u00a9DNF &#8211; Pour un Monde ZeroTabac |(<\/a><\/strong><\/span><\/p>\n","protected":false},"excerpt":{"rendered":"<p>South Africa and India have both banned the sale of tobacco across their national borders in an effort to combat the COVID-19 pandemic.<\/p>","protected":false},"featured_media":9809,"template":"","tags":[],"thematique":[502,474],"class_list":["post-19668","actualites","type-actualites","status-publish","has-post-thumbnail","hentry","thematique-justice","thematique-sante"],"acf":[],"_links":{"self":[{"href":"https:\/\/www.generationsanstabac.org\/en\/wp-json\/wp\/v2\/actualites\/19668","targetHints":{"allow":["GET"]}}],"collection":[{"href":"https:\/\/www.generationsanstabac.org\/en\/wp-json\/wp\/v2\/actualites"}],"about":[{"href":"https:\/\/www.generationsanstabac.org\/en\/wp-json\/wp\/v2\/types\/actualites"}],"version-history":[{"count":0,"href":"https:\/\/www.generationsanstabac.org\/en\/wp-json\/wp\/v2\/actualites\/19668\/revisions"}],"wp:featuredmedia":[{"embeddable":true,"href":"https:\/\/www.generationsanstabac.org\/en\/wp-json\/wp\/v2\/media\/9809"}],"wp:attachment":[{"href":"https:\/\/www.generationsanstabac.org\/en\/wp-json\/wp\/v2\/media?parent=19668"}],"wp:term":[{"taxonomy":"post_tag","embeddable":true,"href":"https:\/\/www.generationsanstabac.org\/en\/wp-json\/wp\/v2\/tags?post=19668"},{"taxonomy":"thematique","embeddable":true,"href":"https:\/\/www.generationsanstabac.org\/en\/wp-json\/wp\/v2\/thematique?post=19668"}],"curies":[{"name":"wp","href":"https:\/\/api.w.org\/{rel}","templated":true}]}}