{"id":19648,"date":"2020-04-06T11:02:07","date_gmt":"2020-04-06T09:02:07","guid":{"rendered":"https:\/\/www.generationsanstabac.org\/actualites\/fiscalite-pays-bas-augmentent-taxes-sur-tabac\/"},"modified":"2020-04-06T11:02:07","modified_gmt":"2020-04-06T09:02:07","slug":"fiscalite-pays-bas-augmentent-taxes-sur-tabac","status":"publish","type":"actualites","link":"https:\/\/www.generationsanstabac.org\/en\/actualites\/fiscalite-pays-bas-augmentent-taxes-sur-tabac\/","title":{"rendered":"Netherlands raises tobacco taxes"},"content":{"rendered":"<p style=\"text-align: justify;\">Les Pays-Bas sont engag\u00e9s depuis ces derni\u00e8res ann\u00e9es dans une politique active de r\u00e9duction de la consommation de tabac.<\/p>\n<p style=\"text-align: justify;\">Parmi les derni\u00e8res dispositions adopt\u00e9es figure la mise en \u0153uvre d\u2019une politique fiscale dynamique. S\u2019inspirant de la politique fiscale adopt\u00e9e en France avec l\u2019objectif du paquet \u00e0 10 euros, le pays a augment\u00e9 depuis le 1<sup>er<\/sup> avril 2020 les taxes sur le tabac, afin de faire accro\u00eetre le prix m\u00e9dian du paquet de 1 euro. Un paquet de cigarettes co\u00fbte d\u00e9sormais en moyenne 8,20 euros. Dans le m\u00eame temps, le prix des paquets de tabac \u00e0 rouler a \u00e9t\u00e9 augment\u00e9 de 2,40 euros<a href=\"#_ftn1\" name=\"_ftnref1\">[1]<\/a>. Rappelons \u00e0 ce titre que les hausses r\u00e9p\u00e9t\u00e9es et significatives des taxes sur les produits du tabac sont le levier le plus efficace pour diminuer la pr\u00e9valence tabagique, \u00e0 commencer par celle des populations pr\u00e9caires et des jeunes.<\/p>\n<p style=\"text-align: justify;\">D\u2019autres dispositions renfor\u00e7ant les interdictions de fumer en vigueur pr\u00e9voient l\u2019interdiction de fumer dans les a\u00e9roports, tandis que la soci\u00e9t\u00e9 ferroviaire n\u00e9erlandaise a assur\u00e9 que ses quais seront non-fumeurs \u00e0 partir du mois d\u2019octobre, et qu\u2019elle r\u00e9duira le nombre de ses points de vente de produits du tabac.<\/p>\n<p style=\"text-align: justify;\">Ces mesures, \u00e0 saluer, sont motiv\u00e9es par un accord national de pr\u00e9vention, un programme gouvernemental visant \u00e0 s\u2019attaquer aux facteurs de risques des maladies non transmissibles que sont les cancers, les pathologies cardio-vasculaires ou respiratoires ainsi que le diab\u00e8te. Ces derni\u00e8res sont massivement dues \u00e0 des facteurs de risques comportementaux : en premier lieu le tabagisme mais aussi l\u2019alcool, le manque d\u2019activit\u00e9 et les probl\u00e8mes d\u2019ob\u00e9sit\u00e9 qui frappent notamment les Pays-Bas. Ainsi, les pouvoirs publics se sont fix\u00e9 l\u2019objectif de parvenir d\u2019ici 2040 \u00e0 une soci\u00e9t\u00e9 sans tabac, c\u2019est-\u00e0-dire que la pr\u00e9valence soit en de\u00e7\u00e0 de 5%. La pr\u00e9valence tabagique du Pays-Bas est aujourd\u2019hui de 25,9%.<\/p>\n<p><span style=\"color: #666699;\"><a style=\"color: #666699;\" href=\"https:\/\/www.generationsanstabac.org\/\">\u00a9G\u00e9n\u00e9ration Sans Tabac<\/a><\/span><\/p>\n<hr \/>\n<p><a href=\"#_ftnref1\" name=\"_ftn1\">[1]<\/a> Dutch News, \u00bb Cigarettes go up in price, number of sales points shrink \u00bb, 1er avril 2020<\/p>\n<p><a href=\"https:\/\/www.dutchnews.nl\/news\/2020\/04\/cigarettes-go-up-in-price-number-of-sales-points-shrink\">https:\/\/www.dutchnews.nl\/news\/2020\/04\/cigarettes-go-up-in-price-number-of-sales-points-shrink<\/a><\/p>\n<p><span style=\"color: #e8e8e8;\"><strong><a style=\"color: #e8e8e8;\" href=\"http:\/\/www.cnct.fr\/\" target=\"_blank\" rel=\"noopener noreferrer\"> \u00a9Comit\u00e9 National Contre le Tabagisme |<\/a><\/strong><\/span><\/p>\n","protected":false},"excerpt":{"rendered":"<p>The Netherlands has been engaged in an active policy of reducing tobacco consumption in recent years.<\/p>","protected":false},"featured_media":15039,"template":"","tags":[],"thematique":[491],"class_list":["post-19648","actualites","type-actualites","status-publish","has-post-thumbnail","hentry","thematique-politiques-publiques"],"acf":[],"_links":{"self":[{"href":"https:\/\/www.generationsanstabac.org\/en\/wp-json\/wp\/v2\/actualites\/19648","targetHints":{"allow":["GET"]}}],"collection":[{"href":"https:\/\/www.generationsanstabac.org\/en\/wp-json\/wp\/v2\/actualites"}],"about":[{"href":"https:\/\/www.generationsanstabac.org\/en\/wp-json\/wp\/v2\/types\/actualites"}],"version-history":[{"count":0,"href":"https:\/\/www.generationsanstabac.org\/en\/wp-json\/wp\/v2\/actualites\/19648\/revisions"}],"wp:featuredmedia":[{"embeddable":true,"href":"https:\/\/www.generationsanstabac.org\/en\/wp-json\/wp\/v2\/media\/15039"}],"wp:attachment":[{"href":"https:\/\/www.generationsanstabac.org\/en\/wp-json\/wp\/v2\/media?parent=19648"}],"wp:term":[{"taxonomy":"post_tag","embeddable":true,"href":"https:\/\/www.generationsanstabac.org\/en\/wp-json\/wp\/v2\/tags?post=19648"},{"taxonomy":"thematique","embeddable":true,"href":"https:\/\/www.generationsanstabac.org\/en\/wp-json\/wp\/v2\/thematique?post=19648"}],"curies":[{"name":"wp","href":"https:\/\/api.w.org\/{rel}","templated":true}]}}