{"id":19636,"date":"2020-03-20T14:08:30","date_gmt":"2020-03-20T13:08:30","guid":{"rendered":"https:\/\/www.generationsanstabac.org\/actualites\/mesures-en-faveur-de-la-sante-publique-dans-est-des-usa-cigarettes-electroniques\/"},"modified":"2020-03-20T14:08:30","modified_gmt":"2020-03-20T13:08:30","slug":"mesures-en-faveur-de-la-sante-publique-dans-est-des-usa-cigarettes-electroniques","status":"publish","type":"actualites","link":"https:\/\/www.generationsanstabac.org\/en\/actualites\/mesures-en-faveur-de-la-sante-publique-dans-est-des-usa-cigarettes-electroniques\/","title":{"rendered":"A series of measures in favor of public health in the eastern United States"},"content":{"rendered":"<p><strong>Les habitants de New York<\/strong> sont profond\u00e9ment pr\u00e9occup\u00e9s par l&rsquo;utilisation des cigarettes \u00e9lectroniques par les jeunes et soutiennent fermement la fin de la vente de cigarettes \u00e9lectroniques et de produits de vapotage aromatis\u00e9s, selon un <a href=\"https:\/\/www.tobaccofreekids.org\/assets\/content\/press_office\/2020\/NY_Poll_memo.pdf\">sondage<\/a> publi\u00e9 par <a href=\"https:\/\/www.tobaccofreekids.org\/assets\/content\/press_office\/2020\/NY_Poll_memo.pdf\">Campaign for Tobacco-Free Kids<\/a> (CTFK).<\/p>\n<p>L\u2019utilisation de la cigarette \u00e9lectronique par les jeunes suscite une vive inqui\u00e9tude dans la population (88%), 61% \u00e9tant tr\u00e8s pr\u00e9occup\u00e9s. Il a \u00e9t\u00e9 prouv\u00e9 que les entreprises concern\u00e9es ciblent d\u00e9lib\u00e9r\u00e9ment les jeunes en utilisant des ar\u00f4mes attractifs. Selon les donn\u00e9es de l&rsquo;Enqu\u00eate nationale sur le tabac chez les jeunes de 2019 (NYTS 2019)<a href=\"#_ftn1\" name=\"_ftnref1\">[1]<\/a>, 97% des jeunes utilisateurs de cigarettes \u00e9lectroniques d\u00e9clarent avoir utilis\u00e9 un produit aromatis\u00e9 au cours du dernier mois, et 70% citent les saveurs comme raison de leur consommation.<\/p>\n<p>Les autorit\u00e9s publiques \u00e0 travers le pays sont appel\u00e9es \u00e0 agir maintenant pour emp\u00eacher Juul et les autres soci\u00e9t\u00e9s de cigarettes \u00e9lectroniques de continuer \u00e0 cibler les jeunes avec des produits de nicotine aromatis\u00e9s qui plongent dans la d\u00e9pendance toute une nouvelle g\u00e9n\u00e9ration et menacent des d\u00e9cennies de progr\u00e8s dans la r\u00e9duction du tabagisme chez les jeunes.<\/p>\n<p><strong>Du c\u00f4t\u00e9 de du Maryland<\/strong>, les autorit\u00e9s l\u00e9gislatives de l&rsquo;\u00c9tat ont approuv\u00e9 une augmentation de 1,75 $ par paquet de cigarettes et elles ont \u00e9galement d\u00e9cid\u00e9 d\u2019augmenter les taxes les autres produits contenant de la nicotine, y compris les cigarettes \u00e9lectroniques et certains liquides de vapotage. A noter que ces m\u00eames responsables politiques ont approuv\u00e9 une augmentation significative du financement du programme de pr\u00e9vention et d\u2019arr\u00eat du tabagisme de l\u2019\u00c9tat &#8211; de 10 \u00e0 18,25 millions de dollars par an, soit  un peu plus de 3 dollars \/ hab.<\/p>\n<p><strong>Le New Jersey<\/strong> vient d&rsquo;interdire la vente de toutes les cigarettes \u00e9lectroniques aromatis\u00e9es pour les m\u00eames raisons de pr\u00e9vention d\u2019entr\u00e9e dans la d\u00e9pendance nicotinique d\u2019une nouvelle g\u00e9n\u00e9ration. Le gouverneur Murphy devrait signer la loi, qui fera du New Jersey le deuxi\u00e8me \u00c9tat \u00e0 mettre fin \u00e0 la vente de cigarettes \u00e9lectroniques aromatis\u00e9es<\/p>\n<p>D\u2019autres dispositions ont \u00e9t\u00e9 adopt\u00e9es qui pr\u00e9voient en particulier :<\/p>\n<p>&#8211; l\u2019interdiction de l&rsquo;utilisation de coupons et autres promotions pour les produits du tabac, y compris les cigarettes \u00e9lectroniques (la premi\u00e8re interdiction de ce type dans tous les \u00c9tats) ;<\/p>\n<p>&#8211; une prise en charge de l\u2019aide m\u00e9dicale pour l\u2019arr\u00eat du tabac dans le cadre du Medicaid ;<\/p>\n<p>&#8211; une augmentation concernant l\u2019interdiction de vente des produits du tabac, dor\u00e9navant jusqu\u2019aux jeunes de moins de 21 ans.<\/p>\n<p><span style=\"color: #666699;\"><a style=\"color: #666699;\" href=\"https:\/\/www.generationsanstabac.org\/\">\u00a9G\u00e9n\u00e9ration Sans Tabac<\/a><\/span><\/p>\n<hr \/>\n<p><a href=\"#_ftnref1\" name=\"_ftn1\">[1]<\/a> <a href=\"https:\/\/www.cdc.gov\/tobacco\/data_statistics\/mmwrs\/byyear\/2019\/ss6812a1\/index.html\">https:\/\/www.cdc.gov\/tobacco\/data_statistics\/mmwrs\/byyear\/2019\/ss6812a1\/index.html<\/a><\/p>\n<p><span style=\"color: #e8e8e8;\"><strong><a style=\"color: #e8e8e8;\" href=\"http:\/\/www.cnct.fr\/\" target=\"_blank\" rel=\"noopener noreferrer\">| \u00a9Comit\u00e9 National Contre le Tabagisme |<\/a><\/strong><\/span><\/p>\n","protected":false},"excerpt":{"rendered":"<p>Residents of New York and several eastern states are deeply concerned about youth use of e-cigarettes.<\/p>","protected":false},"featured_media":19544,"template":"","tags":[],"thematique":[491],"class_list":["post-19636","actualites","type-actualites","status-publish","has-post-thumbnail","hentry","thematique-politiques-publiques"],"acf":[],"_links":{"self":[{"href":"https:\/\/www.generationsanstabac.org\/en\/wp-json\/wp\/v2\/actualites\/19636","targetHints":{"allow":["GET"]}}],"collection":[{"href":"https:\/\/www.generationsanstabac.org\/en\/wp-json\/wp\/v2\/actualites"}],"about":[{"href":"https:\/\/www.generationsanstabac.org\/en\/wp-json\/wp\/v2\/types\/actualites"}],"version-history":[{"count":0,"href":"https:\/\/www.generationsanstabac.org\/en\/wp-json\/wp\/v2\/actualites\/19636\/revisions"}],"wp:featuredmedia":[{"embeddable":true,"href":"https:\/\/www.generationsanstabac.org\/en\/wp-json\/wp\/v2\/media\/19544"}],"wp:attachment":[{"href":"https:\/\/www.generationsanstabac.org\/en\/wp-json\/wp\/v2\/media?parent=19636"}],"wp:term":[{"taxonomy":"post_tag","embeddable":true,"href":"https:\/\/www.generationsanstabac.org\/en\/wp-json\/wp\/v2\/tags?post=19636"},{"taxonomy":"thematique","embeddable":true,"href":"https:\/\/www.generationsanstabac.org\/en\/wp-json\/wp\/v2\/thematique?post=19636"}],"curies":[{"name":"wp","href":"https:\/\/api.w.org\/{rel}","templated":true}]}}