{"id":19634,"date":"2020-03-20T13:54:39","date_gmt":"2020-03-20T12:54:39","guid":{"rendered":"https:\/\/www.generationsanstabac.org\/actualites\/le-mexique-interdit-limportation-de-cigarettes-electroniques-et-de-produits-du-tabac-chauffes\/"},"modified":"2020-03-20T13:54:39","modified_gmt":"2020-03-20T12:54:39","slug":"le-mexique-interdit-limportation-de-cigarettes-electroniques-et-de-produits-du-tabac-chauffes","status":"publish","type":"actualites","link":"https:\/\/www.generationsanstabac.org\/en\/actualites\/le-mexique-interdit-limportation-de-cigarettes-electroniques-et-de-produits-du-tabac-chauffes\/","title":{"rendered":"Mexico bans imports of e-cigarettes and heated tobacco products"},"content":{"rendered":"<p>Le pr\u00e9sident du Mexique a publi\u00e9 un d\u00e9cret<a href=\"#_ftn1\" name=\"_ftnref1\">[1]<\/a> interdisant l\u2019importation et l\u2019exportation de cigarettes \u00e9lectroniques et de produits du tabac chauff\u00e9s afin de prot\u00e9ger les jeunes contre le risque de d\u00e9pendance \u00e0 la nicotine.<\/p>\n<p>Le d\u00e9cret pr\u00e9sidentiel, sign\u00e9 le 19 f\u00e9vrier, est une \u00e9tape notable dans les efforts de lutte antitabac du Mexique pour prot\u00e9ger la prochaine g\u00e9n\u00e9ration contre la d\u00e9pendance \u00e0 la nicotine et aux produits du tabac. L&rsquo;usage de la cigarette \u00e9lectronique par les jeunes pr\u00e9sente de s\u00e9rieuses pr\u00e9occupations, car la consommation de la nicotine par les jeunes, sous quelque forme que ce soit, n&rsquo;est pas anodine : elle provoque notamment une d\u00e9pendance et pourrait nuire au d\u00e9veloppement du cerveau des adolescents. Les autorit\u00e9s publiques de sant\u00e9 doivent prendre en compte cette r\u00e9alit\u00e9 et ne pas attendre pour les r\u00e9glementer correctement<a href=\"#_ftn2\" name=\"_ftnref2\">[2]<\/a> afin de pr\u00e9venir leur consommation par les jeunes voire remettre en cause leurs politiques de r\u00e9duction de la consommation de tabac.<\/p>\n<p><strong>Les politiques efficaces en la mati\u00e8re pr\u00e9voient<a href=\"#_ftn3\" name=\"_ftnref3\">[3]<\/a> :<\/strong><\/p>\n<p>&#8211; de pr\u00e9venir la consommation de ces produits par les non-fumeurs, en particulier les jeunes ;<\/p>\n<p>&#8211; d\u2019emp\u00eacher que l\u2019existence cigarettes \u00e9lectroniques sape les progr\u00e8s dans la r\u00e9duction de la consommation de tabac et de la d\u00e9pendance \u00e0 la nicotine ;<\/p>\n<p>&#8211; de prot\u00e9ger la politique de sant\u00e9 publique des int\u00e9r\u00eats commerciaux des industries du tabac et de la cigarette \u00e9lectronique ; et<\/p>\n<p>&#8211; d\u2019aider les fumeurs \u00e0 cesser de fumer et \u00e9viter la co-consommation des produits du tabac et des cigarettes \u00e9lectroniques.<\/p>\n<p>Pour atteindre ces objectifs politiques, les autorit\u00e9s sanitaires devraient r\u00e9glementer les cigarettes \u00e9lectroniques en tant que produits th\u00e9rapeutiques uniquement sur la base de preuves scientifiques ind\u00e9pendantes fiables. Cette r\u00e9glementation doit \u00eatre en coh\u00e9rence avec les dispositions prises par ailleurs en mati\u00e8re de lutte contre le tabagisme.<\/p>\n<p>Pour les produits du tabac chauff\u00e9s, les gouvernements devraient envisager soit de les interdire soit de les r\u00e9glementer de la m\u00eame mani\u00e8re que les cigarettes traditionnelles, conform\u00e9ment \u00e0 leurs obligations en vertu de la <a href=\"https:\/\/apps.who.int\/iris\/bitstream\/handle\/10665\/42812\/9242591017.pdf;jsessionid=250624062D92EE0CE4151B94691B806E?sequence=1\">Convention-cadre de l&rsquo;OMS pour la lutte antitabac<\/a>.<\/p>\n<p>Aux \u00c9tats-Unis, l&rsquo;utilisation de la cigarette \u00e9lectronique a grimp\u00e9 \u00e0 des niveaux \u00e9pid\u00e9miques en raison des tactiques de <a href=\"https:\/\/www.generationsanstabac.org\/actualites\/comment-juul-a-cree-une-epidemie-de-consommateurs-de-vape-chez-les-adolescents\/\">marketing d&rsquo;entreprises comme Juul<\/a> et de l\u2019utilisation des ar\u00f4mes attractifs comme la mangue, la menthe et le bubblegum. A cela s\u2019ajoute le recours \u00e0 des influenceurs sur les r\u00e9seaux sociaux.<\/p>\n<p>Qu\u2019il s\u2019agisse des cigarettes \u00e9lectroniques comme des nouveaux produits du tabac, toutes ces tactiques de marketing sont directement issues des pratiques des industriels du tabac qui se transforment plus g\u00e9n\u00e9ralement en industriels de la nicotine.<\/p>\n<p>Ces tactiques exposent une toute nouvelle g\u00e9n\u00e9ration de jeunes \u00e0 des produits addictifs et menacent d&rsquo;annuler des d\u00e9cennies de progr\u00e8s dans la lutte contre le tabagisme.<\/p>\n<p><span style=\"color: #666699;\"><a style=\"color: #666699;\" href=\"https:\/\/www.generationsanstabac.org\/\">\u00a9G\u00e9n\u00e9ration Sans Tabac<\/a><\/span><\/p>\n<hr \/>\n<p><a href=\"#_ftnref1\" name=\"_ftn1\">[1]<\/a> <a href=\"http:\/\/www.dof.gob.mx\/nota_detalle.php?codigo=5586899&amp;fecha=19\/02\/2020\">http:\/\/www.dof.gob.mx\/nota_detalle.php?codigo=5586899&amp;fecha=19\/02\/2020<\/a><\/p>\n<p><a href=\"#_ftnref2\" name=\"_ftn2\">[2]<\/a> <a href=\"https:\/\/www.tobaccofreekids.org\/assets\/global\/pdfs\/en\/Regulating_ecigs.pdf\">https:\/\/www.tobaccofreekids.org\/assets\/global\/pdfs\/en\/Regulating_ecigs.pdf<\/a><\/p>\n<p><a href=\"#_ftnref3\" name=\"_ftn3\">[3]<\/a> <a href=\"https:\/\/www.tobaccofreekids.org\/what-we-do\/global\/electronic-cigarettes\">https:\/\/www.tobaccofreekids.org\/what-we-do\/global\/electronic-cigarettes<\/a><\/p>\n<p><span style=\"color: #e8e8e8;\"><strong><a style=\"color: #e8e8e8;\" href=\"http:\/\/www.cnct.fr\/\" target=\"_blank\" rel=\"noopener noreferrer\"> \u00a9Comit\u00e9 National Contre le Tabagisme |<\/a><\/strong><\/span><\/p>\n","protected":false},"excerpt":{"rendered":"<p>Mexico&#039;s president has issued a decree banning the import and export of electronic cigarettes and heated tobacco products<\/p>","protected":false},"featured_media":19635,"template":"","tags":[],"thematique":[516,491],"class_list":["post-19634","actualites","type-actualites","status-publish","has-post-thumbnail","hentry","thematique-nouveaux-produits","thematique-politiques-publiques"],"acf":[],"_links":{"self":[{"href":"https:\/\/www.generationsanstabac.org\/en\/wp-json\/wp\/v2\/actualites\/19634","targetHints":{"allow":["GET"]}}],"collection":[{"href":"https:\/\/www.generationsanstabac.org\/en\/wp-json\/wp\/v2\/actualites"}],"about":[{"href":"https:\/\/www.generationsanstabac.org\/en\/wp-json\/wp\/v2\/types\/actualites"}],"version-history":[{"count":0,"href":"https:\/\/www.generationsanstabac.org\/en\/wp-json\/wp\/v2\/actualites\/19634\/revisions"}],"wp:featuredmedia":[{"embeddable":true,"href":"https:\/\/www.generationsanstabac.org\/en\/wp-json\/wp\/v2\/media\/19635"}],"wp:attachment":[{"href":"https:\/\/www.generationsanstabac.org\/en\/wp-json\/wp\/v2\/media?parent=19634"}],"wp:term":[{"taxonomy":"post_tag","embeddable":true,"href":"https:\/\/www.generationsanstabac.org\/en\/wp-json\/wp\/v2\/tags?post=19634"},{"taxonomy":"thematique","embeddable":true,"href":"https:\/\/www.generationsanstabac.org\/en\/wp-json\/wp\/v2\/thematique?post=19634"}],"curies":[{"name":"wp","href":"https:\/\/api.w.org\/{rel}","templated":true}]}}