{"id":19630,"date":"2020-03-18T14:40:31","date_gmt":"2020-03-18T13:40:31","guid":{"rendered":"https:\/\/www.generationsanstabac.org\/actualites\/cigarettes-a-capsules-aromatisees-un-piege-pour-les-jeunes\/"},"modified":"2020-03-18T14:40:31","modified_gmt":"2020-03-18T13:40:31","slug":"cigarettes-a-capsules-aromatisees-un-piege-pour-les-jeunes","status":"publish","type":"actualites","link":"https:\/\/www.generationsanstabac.org\/en\/actualites\/cigarettes-a-capsules-aromatisees-un-piege-pour-les-jeunes\/","title":{"rendered":"Flavored Capsule Cigarettes: A Trap for Young People"},"content":{"rendered":"<p>Les cigarettes \u00e0 capsules aromatis\u00e9es sont vendues par les compagnies de tabac depuis relativement peu de temps et ce, de mani\u00e8re agressive. En 2019, dans certains pays, elles sont les principales cigarettes consomm\u00e9es par les jeunes. Le cas du Chili en constitue une illustration. En 2008, ces produits \u00e9taient pratiquement inconnus. 10 ans plus tard, selon les donn\u00e9es des ventes<a href=\"#_ftn1\" name=\"_ftnref1\">[1]<\/a>, le Chili fait \u00e9tat de la plus grande p\u00e9n\u00e9tration du march\u00e9 pour ces produits dans le monde <a href=\"#_ftn2\" name=\"_ftnref2\"><\/a>. Selon une enqu\u00eate financ\u00e9e par l&rsquo;American Cancer Society, r\u00e9alis\u00e9e en 2017 aupr\u00e8s de fumeurs dans le pays, 60% des moins de 25 ans consomment de tels produits. Cette proportion atteint 72%<a href=\"#_ftn3\" name=\"_ftnref3\">[3]<\/a> parmi les femmes de cette tranche d\u2019\u00e2ge.<\/p>\n<p>Une \u00e9tude r\u00e9cente, publi\u00e9e dans <a href=\"https:\/\/journals.plos.org\/plosone\/article?id=10.1371\/journal.pone.0224217\">PLoS One<\/a>, montre que la probabilit\u00e9 de consommer ces produits est li\u00e9e \u00e0 l\u2019\u00e2ge mais aussi au sexe : la probabilit\u00e9 est significativement plus \u00e9lev\u00e9e pour les femmes et est inversement li\u00e9e \u00e0 l&rsquo;\u00e2ge du fumeur, les jeunes sont plus susceptibles de fumer des cigarettes \u00e0 capsules aromatis\u00e9es. De plus, ces produits sont nettement plus chers que les cigarettes conventionnelles mais le crit\u00e8re du statut \u00e9conomique du fumeur n\u2019est pas apparu comme d\u00e9terminant. L&rsquo;augmentation de la consommation de ces produits, non seulement au Chili mais \u00e9galement dans d\u2019autres pays d\u2019Am\u00e9rique Latine (en particulier au Guatemala, au Mexique, au P\u00e9rou et en Argentine) ainsi que leur p\u00e9n\u00e9tration dans d\u2019autres r\u00e9gions du monde souligne l\u2019importance d\u2019interdire les ar\u00f4mes en particulier les ar\u00f4mes attractifs.<\/p>\n<p>Ce constat r\u00e9alis\u00e9 au Chili est en effet similaire \u00e0 celui \u00e9tabli en France et dans d\u2019autres pays il y a quelques ann\u00e9es. Le d\u00e9veloppement des cigarettes \u00e0 capsules a pu \u00eatre contr\u00e9 par une r\u00e9glementation relative aux ar\u00f4mes (<a href=\"https:\/\/www.generationsanstabac.org\/wp-content\/uploads\/2020\/03\/Etude-CNCT-Marketing-des-cigarettes-la-n\u00e9cessit\u00e9-de-r\u00e9glementer-.pdf\">Etude CNCT &#8211; Marketing des cigarettes, la n\u00e9cessit\u00e9 de r\u00e9glementer<\/a>). Ainsi des pays comme la France ou encore la Belgique qui ont mis en \u0153uvre la directive europ\u00e9enne des produits du tabac ont efficacement lutt\u00e9 contre cette modalit\u00e9 de ciblage des jeunes. L\u2019interdiction des ar\u00f4mes attractifs dans les cigarettes et le tabac \u00e0 rouler est en vigueur depuis le mois de mai 2016. Le Canada b\u00e9n\u00e9ficie \u00e9galement d\u2019une l\u00e9gislation protectrice \u00e0 ce niveau. En revanche la r\u00e9glementation demeure insuffisante dans de nombreux pays d\u2019Afrique francophone.<\/p>\n<p><span style=\"color: #666699;\"><a style=\"color: #666699;\" href=\"https:\/\/www.generationsanstabac.org\/\">\u00a9G\u00e9n\u00e9ration Sans Tabac<\/a><\/span><\/p>\n<hr \/>\n<p><a href=\"#_ftnref1\" name=\"_ftn1\">[1]<\/a> <a href=\"https:\/\/tobaccoatlas.org\/country\/chile\/\">https:\/\/tobaccoatlas.org\/country\/chile\/<\/a><\/p>\n<p><a href=\"#_ftnref2\" name=\"_ftn2\">[2]<\/a> [2] Paraje, Guillermo et al. \u201cThe association between flavor capsule cigarette use and sociodemographic variables: Evidence from Chile.\u201d <em>PloS one<\/em> vol. 14,10 e0224217. 23 Oct. 2019, doi:10.1371\/journal.pone.0224217<\/p>\n<p><a href=\"#_ftnref3\" name=\"_ftn3\">[3]<\/a> Ibid<\/p>\n<p><span style=\"color: #e8e8e8;\"><strong><a style=\"color: #e8e8e8;\" href=\"http:\/\/www.cnct.fr\/\" target=\"_blank\" rel=\"noopener noreferrer\">| \u00a9Comit\u00e9 National Contre le Tabagisme |<\/a><\/strong><\/span><\/p>\n","protected":false},"excerpt":{"rendered":"<p>Flavored capsule cigarettes have been sold by tobacco companies for a relatively short time and aggressively.<\/p>","protected":false},"featured_media":15019,"template":"","tags":[],"thematique":[507],"class_list":["post-19630","actualites","type-actualites","status-publish","has-post-thumbnail","hentry","thematique-marketing-publicite"],"acf":[],"_links":{"self":[{"href":"https:\/\/www.generationsanstabac.org\/en\/wp-json\/wp\/v2\/actualites\/19630","targetHints":{"allow":["GET"]}}],"collection":[{"href":"https:\/\/www.generationsanstabac.org\/en\/wp-json\/wp\/v2\/actualites"}],"about":[{"href":"https:\/\/www.generationsanstabac.org\/en\/wp-json\/wp\/v2\/types\/actualites"}],"version-history":[{"count":0,"href":"https:\/\/www.generationsanstabac.org\/en\/wp-json\/wp\/v2\/actualites\/19630\/revisions"}],"wp:featuredmedia":[{"embeddable":true,"href":"https:\/\/www.generationsanstabac.org\/en\/wp-json\/wp\/v2\/media\/15019"}],"wp:attachment":[{"href":"https:\/\/www.generationsanstabac.org\/en\/wp-json\/wp\/v2\/media?parent=19630"}],"wp:term":[{"taxonomy":"post_tag","embeddable":true,"href":"https:\/\/www.generationsanstabac.org\/en\/wp-json\/wp\/v2\/tags?post=19630"},{"taxonomy":"thematique","embeddable":true,"href":"https:\/\/www.generationsanstabac.org\/en\/wp-json\/wp\/v2\/thematique?post=19630"}],"curies":[{"name":"wp","href":"https:\/\/api.w.org\/{rel}","templated":true}]}}