{"id":19596,"date":"2020-02-27T13:50:28","date_gmt":"2020-02-27T12:50:28","guid":{"rendered":"https:\/\/www.generationsanstabac.org\/actualites\/lutte-antitabac-la-belgique-en-progression\/"},"modified":"2020-02-27T13:50:28","modified_gmt":"2020-02-27T12:50:28","slug":"lutte-antitabac-la-belgique-en-progression","status":"publish","type":"actualites","link":"https:\/\/www.generationsanstabac.org\/en\/actualites\/lutte-antitabac-la-belgique-en-progression\/","title":{"rendered":"Anti-smoking fight: Belgium is making progress"},"content":{"rendered":"<p>L\u2019association des ligues europ\u00e9ennes contre le cancer a publi\u00e9 un rapport sur l\u2019\u00e9tat des politiques publiques antitabac  men\u00e9es dans 35 pays europ\u00e9ens ainsi qu\u2019en Isra\u00ebl<a href=\"#_ftn1\" name=\"_ftnref1\">[1]<\/a>. Le document propose un classement de ces derniers en fonction de leur \u00e9tat d\u2019avancement dans la mise en place de politiques publiques essentielles au niveau national :<\/p>\n<ul>\n<li>Les hausses de prix sur les produits du tabac \u00e0 travers l\u2019augmentation des taxes ;<\/li>\n<li>L\u2019interdiction de fumer dans les espaces publics et sur le lieu de travail ;<\/li>\n<li>Une meilleure information par le biais de campagnes de diffusion des r\u00e9sultats des recherches scientifiques sur les dangers du tabac ;<\/li>\n<li>L\u2019interdiction compl\u00e8te de toute forme de marketing en faveur du tabac: publicit\u00e9 et parrainage, promotion, y compris sur les lieux de vente des produits du tabac,<\/li>\n<li>L\u2019existence de messages sanitaires visibles appos\u00e9s sur les paquets de cigarettes et autres produits du tabac avec l\u2019adoption de conditionnements neutres ;<\/li>\n<li>La mise en place d\u2019une aide \u00e0 l\u2019arr\u00eat pour les fumeurs, notamment par un acc\u00e8s facilit\u00e9 \u00e0 un suivi et \u00e0 un traitement m\u00e9dical.<\/li>\n<\/ul>\n<p>Cette derni\u00e8re \u00e9valuation parue en f\u00e9vrier 2020 et portant sur les donn\u00e9es de 2018 int\u00e9grait \u00e9galement les mesures de lutte contre le commerce illicite des produits du tabac et la protection des politiques publiques \u00e0 l\u2019\u00e9gard de l\u2019ing\u00e9rence de l\u2019industrie du tabac.<\/p>\n<p>La Belgique arrive \u00e0 la dixi\u00e8me place de ce classement, en raison des efforts poursuivis par le pays qui ont encore \u00e9t\u00e9 renforc\u00e9s depuis la date de la r\u00e9alisation de l\u2019\u00e9tude. Le pays a ainsi adopt\u00e9 une interdiction de fumer dans les voitures en pr\u00e9sence de mineurs, ou encore le paquet neutre, la suppression de la publicit\u00e9 pour le tabac sur les lieux de vente aux c\u00f4t\u00e9s des interdictions de fumer dans les lieux accueillant du public dont les caf\u00e9s et les restaurants en vigueur depuis 2011. La lutte contre le tabagisme demeure cependant une priorit\u00e9 majeure de sant\u00e9 publique pour le pays : Il est bon de rappeler que le tabagisme y est chaque ann\u00e9e responsable de la mort pr\u00e9matur\u00e9e \u00e9vitable de pr\u00e8s de 19 000 personnes<a href=\"#_ftn2\" name=\"_ftnref2\">[2]<\/a>.<\/p>\n<p>Lire aussi : <a href=\"https:\/\/www.generationsanstabac.org\/actualites\/belgique-vers-un-renforcement-de-larsenal-contre-le-tabagisme\/\" target=\"_blank\" rel=\"noopener noreferrer\">Belgique: vers un renforcement de l\u2019arsenal contre le tabagisme<\/a><\/p>\n<p><a href=\"https:\/\/www.generationsanstabac.org\/\">\u00a9G\u00e9n\u00e9ration Sans Tabac<\/a><\/p>\n<hr \/>\n<p><em><a href=\"#_ftnref1\" name=\"_ftn1\">[1]<\/a> Association of European Cancer Leagues, \u00ab The tobacco Control Scale 2019 in Europe \u00bb, 2020<\/em><\/p>\n<p><em><a href=\"https:\/\/www.tobaccocontrolscale.org\/TCS2019.pdf\">https:\/\/www.tobaccocontrolscale.org\/TCS2019.pdf<\/a><\/em><\/p>\n<p><em><a href=\"#_ftnref2\" name=\"_ftn2\">[2]<\/a> The Tobacco Atlas, Fiche Pays : Belgique<\/em><\/p>\n<p><em><a href=\"https:\/\/tobaccoatlas.org\/country\/belgium\/\">https:\/\/tobaccoatlas.org\/country\/belgium\/<\/a><\/em><\/p>\n<p><span style=\"color: #e8e8e8;\"><a style=\"color: #e8e8e8;\" href=\"http:\/\/www.cnct.fr\/\" target=\"_blank\" rel=\"noopener noreferrer\">| \u00a9Comit\u00e9 National Contre le Tabagisme |<\/a><\/span><\/p>\n","protected":false},"excerpt":{"rendered":"<p>Belgium comes in 10th place due to ongoing efforts which have been further strengthened since the study was conducted.<\/p>","protected":false},"featured_media":19597,"template":"","tags":[],"thematique":[491],"class_list":["post-19596","actualites","type-actualites","status-publish","has-post-thumbnail","hentry","thematique-politiques-publiques"],"acf":[],"_links":{"self":[{"href":"https:\/\/www.generationsanstabac.org\/en\/wp-json\/wp\/v2\/actualites\/19596","targetHints":{"allow":["GET"]}}],"collection":[{"href":"https:\/\/www.generationsanstabac.org\/en\/wp-json\/wp\/v2\/actualites"}],"about":[{"href":"https:\/\/www.generationsanstabac.org\/en\/wp-json\/wp\/v2\/types\/actualites"}],"version-history":[{"count":0,"href":"https:\/\/www.generationsanstabac.org\/en\/wp-json\/wp\/v2\/actualites\/19596\/revisions"}],"wp:featuredmedia":[{"embeddable":true,"href":"https:\/\/www.generationsanstabac.org\/en\/wp-json\/wp\/v2\/media\/19597"}],"wp:attachment":[{"href":"https:\/\/www.generationsanstabac.org\/en\/wp-json\/wp\/v2\/media?parent=19596"}],"wp:term":[{"taxonomy":"post_tag","embeddable":true,"href":"https:\/\/www.generationsanstabac.org\/en\/wp-json\/wp\/v2\/tags?post=19596"},{"taxonomy":"thematique","embeddable":true,"href":"https:\/\/www.generationsanstabac.org\/en\/wp-json\/wp\/v2\/thematique?post=19596"}],"curies":[{"name":"wp","href":"https:\/\/api.w.org\/{rel}","templated":true}]}}