{"id":19595,"date":"2020-02-26T15:46:49","date_gmt":"2020-02-26T14:46:49","guid":{"rendered":"https:\/\/www.generationsanstabac.org\/actualites\/lutte-antitabac-la-france-dans-le-peloton-de-tete-europeen\/"},"modified":"2020-02-26T15:46:49","modified_gmt":"2020-02-26T14:46:49","slug":"lutte-antitabac-la-france-dans-le-peloton-de-tete-europeen","status":"publish","type":"actualites","link":"https:\/\/www.generationsanstabac.org\/en\/actualites\/lutte-antitabac-la-france-dans-le-peloton-de-tete-europeen\/","title":{"rendered":"Anti-smoking fight: France in the European leading pack"},"content":{"rendered":"<p>L\u2019association des ligues europ\u00e9ennes contre le cancer a publi\u00e9 un rapport sur l\u2019\u00e9tat des politiques publiques antitabac  men\u00e9es dans 35 pays europ\u00e9ens ainsi qu\u2019en Isra\u00ebl<a href=\"#_ftn1\" name=\"_ftnref1\">[1]<\/a>. Le document propose un classement de ces derniers en fonction de leur \u00e9tat d\u2019avancement dans la mise en place de politiques publiques essentielles au niveau national :<\/p>\n<ul>\n<li>Les hausses de prix sur les produits du tabac \u00e0 travers l\u2019augmentation des taxes ;<\/li>\n<li>L\u2019interdiction de fumer dans les espaces publics et sur le lieu de travail ;<\/li>\n<li>Une meilleure information par le biais de campagnes de diffusion des r\u00e9sultats des recherches scientifiques sur les dangers du tabac ;<\/li>\n<li>L\u2019interdiction compl\u00e8te de toute forme de marketing en faveur du tabac: publicit\u00e9 et parrainage, promotion, y compris sur les lieux de vente des produits du tabac,<\/li>\n<li>L\u2019existence de messages sanitaires visibles appos\u00e9s sur les paquets de cigarettes et autres produits du tabac avec l\u2019adoption de conditionnements neutres ;<\/li>\n<li>La mise en place d\u2019une aide \u00e0 l\u2019arr\u00eat pour les fumeurs, notamment par un acc\u00e8s facilit\u00e9 \u00e0 un suivi et \u00e0 un traitement m\u00e9dical.<\/li>\n<\/ul>\n<p>Cette derni\u00e8re \u00e9valuation parue en f\u00e9vrier 2020 et portant sur les donn\u00e9es de 2018 int\u00e9grait \u00e9galement les mesures de lutte contre le commerce illicite des produits du tabac et la protection des politiques publiques \u00e0 l\u2019\u00e9gard de l\u2019ing\u00e9rence de l\u2019industrie du tabac.<\/p>\n<p>La France arrive \u00e0 la deuxi\u00e8me meilleure place de ce classement derri\u00e8re le Royaume-Uni. Cette position s\u2019explique par une volont\u00e9 politique r\u00e9elle au cours de ces derni\u00e8res ann\u00e9es qui s\u2019est traduite par une strat\u00e9gie coh\u00e9rente, l\u2019adoption de mesures efficaces venant mutuellement se renforcer et une mobilisation relativement in\u00e9dite en France sur ce sujet. Le paquet de Marlboro s\u2019\u00e9l\u00e8vera au prix symbolique de 10 euros, \u00e0 compter du 1<sup>er<\/sup> mars 2020, contre 7 euros en 2017, soit une hausse de 42% en trois ans.: Cette hausse des taxes, qu\u2019il importe de poursuivre, est venue en compl\u00e9ment d\u2019une interdiction de toute forme de publicit\u00e9 y compris sur le point de vente, l\u2019instauration du paquet neutre, la prise en charge des traitements de la d\u00e9pendance tabagique et l\u2019organisation du Mois Sans Tabac, un plus grand contr\u00f4le des activit\u00e9s de lobbying de l\u2019industrie du tabac , la mise en place d\u2019un fonds destin\u00e9 \u00e0 financer les actions de lutte contre le tabagisme. Ces \u00e9l\u00e9ments font de la France un des fers de lance de la lutte antitabac \u00e0 travers le monde, et notamment au sein de l\u2019Union europ\u00e9enne.<\/p>\n<p><span style=\"color: #666699;\"><a style=\"color: #666699;\" href=\"https:\/\/www.generationsanstabac.org\/\">\u00a9G\u00e9n\u00e9ration Sans Tabac<\/a><\/span><\/p>\n<hr \/>\n<p><em><a href=\"#_ftnref1\" name=\"_ftn1\">[1]<\/a> Association of European Cancer Leagues, \u00ab The tobacco Control Scale 2019 in Europe \u00bb, 2020<\/em><\/p>\n<p><em><a href=\"https:\/\/www.tobaccocontrolscale.org\/TCS2019.pdf\">https:\/\/www.tobaccocontrolscale.org\/TCS2019.pdf<\/a><\/em><\/p>\n<p><span style=\"color: #e8e8e8;\"><a style=\"color: #e8e8e8;\" href=\"http:\/\/www.cnct.fr\/\" target=\"_blank\" rel=\"noopener noreferrer\">| \u00a9Comit\u00e9 National Contre le Tabagisme |<\/a><\/span><\/p>\n","protected":false},"excerpt":{"rendered":"<p>France comes in second place in this ranking behind the United Kingdom. This position is explained by a real political will<\/p>","protected":false},"featured_media":19464,"template":"","tags":[],"thematique":[499],"class_list":["post-19595","actualites","type-actualites","status-publish","has-post-thumbnail","hentry","thematique-lobby"],"acf":[],"_links":{"self":[{"href":"https:\/\/www.generationsanstabac.org\/en\/wp-json\/wp\/v2\/actualites\/19595","targetHints":{"allow":["GET"]}}],"collection":[{"href":"https:\/\/www.generationsanstabac.org\/en\/wp-json\/wp\/v2\/actualites"}],"about":[{"href":"https:\/\/www.generationsanstabac.org\/en\/wp-json\/wp\/v2\/types\/actualites"}],"version-history":[{"count":0,"href":"https:\/\/www.generationsanstabac.org\/en\/wp-json\/wp\/v2\/actualites\/19595\/revisions"}],"wp:featuredmedia":[{"embeddable":true,"href":"https:\/\/www.generationsanstabac.org\/en\/wp-json\/wp\/v2\/media\/19464"}],"wp:attachment":[{"href":"https:\/\/www.generationsanstabac.org\/en\/wp-json\/wp\/v2\/media?parent=19595"}],"wp:term":[{"taxonomy":"post_tag","embeddable":true,"href":"https:\/\/www.generationsanstabac.org\/en\/wp-json\/wp\/v2\/tags?post=19595"},{"taxonomy":"thematique","embeddable":true,"href":"https:\/\/www.generationsanstabac.org\/en\/wp-json\/wp\/v2\/thematique?post=19595"}],"curies":[{"name":"wp","href":"https:\/\/api.w.org\/{rel}","templated":true}]}}