{"id":19594,"date":"2020-02-26T15:43:16","date_gmt":"2020-02-26T14:43:16","guid":{"rendered":"https:\/\/www.generationsanstabac.org\/actualites\/la-suisse-mauvais-eleve-europeen-de-la-lutte-anti-tabac\/"},"modified":"2020-02-26T15:43:16","modified_gmt":"2020-02-26T14:43:16","slug":"la-suisse-mauvais-eleve-europeen-de-la-lutte-anti-tabac","status":"publish","type":"actualites","link":"https:\/\/www.generationsanstabac.org\/en\/actualites\/la-suisse-mauvais-eleve-europeen-de-la-lutte-anti-tabac\/","title":{"rendered":"Switzerland, a bad European student in the fight against tobacco"},"content":{"rendered":"<p>L\u2019association des ligues europ\u00e9ennes contre le cancer a publi\u00e9 un rapport sur l\u2019\u00e9tat des politiques publiques antitabac  men\u00e9es dans 35 pays europ\u00e9ens ainsi qu\u2019en Isra\u00ebl<a href=\"#_ftn1\" name=\"_ftnref1\">[1]<\/a>. Le document propose un classement de ces derniers en fonction de leur \u00e9tat d\u2019avancement dans la mise en place de politiques publiques essentielles au niveau national :<\/p>\n<ul>\n<li>Les hausses de prix sur les produits du tabac \u00e0 travers l\u2019augmentation des taxes ;<\/li>\n<li>L\u2019interdiction de fumer dans les espaces publics et sur le lieu de travail ;<\/li>\n<li>Une meilleure information par le biais de campagnes de diffusion des r\u00e9sultats des recherches scientifiques sur les dangers du tabac ;<\/li>\n<li>L\u2019interdiction compl\u00e8te de toute forme de marketing en faveur du tabac: publicit\u00e9 et parrainage, promotion, y compris sur les lieux de vente des produits du tabac,;<\/li>\n<li>L\u2019existence de messages sanitaires visibles appos\u00e9s sur les paquets de cigarettes et autres produits du tabac avec l\u2019adoption de conditionnements neutres ;<\/li>\n<li>La mise en place d\u2019une aide \u00e0 l\u2019arr\u00eat pour les fumeurs, notamment par un acc\u00e8s facilit\u00e9 \u00e0 un suivi et \u00e0 un traitement m\u00e9dical.<\/li>\n<\/ul>\n<p>Cette derni\u00e8re \u00e9valuation parue en f\u00e9vrier 2020 et portant sur les donn\u00e9es de 2018 int\u00e9grait \u00e9galement les mesures de lutte contre le commerce illicite des produits du tabac et la protection des politiques publiques \u00e0 l\u2019\u00e9gard de l\u2019ing\u00e9rence de l\u2019industrie du tabac.<\/p>\n<p>Sans grande surprise, la Suisse arrive \u00e0 l\u2019avant-derni\u00e8re place du classement europ\u00e9en, derri\u00e8re le Luxembourg et devant l\u2019Allemagne. Comme le souligne le rapport, loin de s\u2019engager dans la lutte contre le tabagisme, la Suisse est aujourd\u2019hui <a href=\"https:\/\/www.generationsanstabac.org\/actualites\/la-suisse-est-la-patrie-des-multinationales-du-tabac\/\">l\u2019eldorado de l\u2019industrie du tabac<\/a>, et le dernier pays Europ\u00e9en \u00e0 ne pas avoir ratifi\u00e9 la Convention-cadre de l\u2019Organisation Mondiale de la Sant\u00e9 pour la lutte antitabac (CCLAT). Depuis 2017, le Conseil F\u00e9d\u00e9ral suisse n\u2019a plus la comp\u00e9tence pour augmenter les taxes sur les produits du tabac, qui n\u2019ont par ailleurs pas \u00e9volu\u00e9 depuis 2013. Les trois plus grandes compagnies de tabac ont implant\u00e9 en Suisse leur si\u00e8ge social, en partie attir\u00e9es par la structure f\u00e9d\u00e9rale du pays, o\u00f9 de petites entit\u00e9s politiques \u2013les cantons- poss\u00e8dent de larges pouvoirs d\u00e9cisionnaires, facilitant par l\u00e0 l\u2019ing\u00e9rence des cigarettiers. Ce choix politique n\u2019est pourtant pas sans cons\u00e9quences sur la sant\u00e9 publique du pays : chaque ann\u00e9e, 8600 personnes meurent du tabagisme en Suisse<a href=\"#_ftn2\" name=\"_ftnref2\">[2]<\/a>.  En outre, la Suisse constitue un v\u00e9ritable laboratoire pour les fabricants de tabac qui y d\u00e9cident et exp\u00e9rimentent impun\u00e9ment leurs strat\u00e9gies avant d\u2019essayer de les d\u00e9ployer dans les autres pays.<\/p>\n<p><span style=\"color: #666699;\"><a style=\"color: #666699;\" href=\"https:\/\/www.generationsanstabac.org\/\">\u00a9G\u00e9n\u00e9ration Sans Tabac<\/a><\/span><\/p>\n<hr \/>\n<p><em><a href=\"#_ftnref1\" name=\"_ftn1\">[1]<\/a> <a href=\"https:\/\/www.tobaccocontrolscale.org\/TCS2019.pdf\">https:\/\/www.tobaccocontrolscale.org\/TCS2019.pdf<\/a><\/em><\/p>\n<p><em><a href=\"#_ftnref2\" name=\"_ftn2\">[2]<\/a> The Tobacco Atlas, Fiche pays : Suisse.<\/em><\/p>\n<p><em><a href=\"https:\/\/tobaccoatlas.org\/country\/switzerland\/\">https:\/\/tobaccoatlas.org\/country\/switzerland\/<\/a><\/em><\/p>\n<p><span style=\"color: #e8e8e8;\"><a style=\"color: #e8e8e8;\" href=\"http:\/\/www.cnct.fr\/\" target=\"_blank\" rel=\"noopener noreferrer\">| \u00a9Comit\u00e9 National Contre le Tabagisme |<\/a><\/span><\/p>\n","protected":false},"excerpt":{"rendered":"<p>Unsurprisingly, Switzerland comes in second to last place in the European ranking, behind Luxembourg and ahead of Germany.<\/p>","protected":false},"featured_media":19511,"template":"","tags":[],"thematique":[499],"class_list":["post-19594","actualites","type-actualites","status-publish","has-post-thumbnail","hentry","thematique-lobby"],"acf":[],"_links":{"self":[{"href":"https:\/\/www.generationsanstabac.org\/en\/wp-json\/wp\/v2\/actualites\/19594","targetHints":{"allow":["GET"]}}],"collection":[{"href":"https:\/\/www.generationsanstabac.org\/en\/wp-json\/wp\/v2\/actualites"}],"about":[{"href":"https:\/\/www.generationsanstabac.org\/en\/wp-json\/wp\/v2\/types\/actualites"}],"version-history":[{"count":0,"href":"https:\/\/www.generationsanstabac.org\/en\/wp-json\/wp\/v2\/actualites\/19594\/revisions"}],"wp:featuredmedia":[{"embeddable":true,"href":"https:\/\/www.generationsanstabac.org\/en\/wp-json\/wp\/v2\/media\/19511"}],"wp:attachment":[{"href":"https:\/\/www.generationsanstabac.org\/en\/wp-json\/wp\/v2\/media?parent=19594"}],"wp:term":[{"taxonomy":"post_tag","embeddable":true,"href":"https:\/\/www.generationsanstabac.org\/en\/wp-json\/wp\/v2\/tags?post=19594"},{"taxonomy":"thematique","embeddable":true,"href":"https:\/\/www.generationsanstabac.org\/en\/wp-json\/wp\/v2\/thematique?post=19594"}],"curies":[{"name":"wp","href":"https:\/\/api.w.org\/{rel}","templated":true}]}}