{"id":19592,"date":"2020-02-25T12:59:24","date_gmt":"2020-02-25T11:59:24","guid":{"rendered":"https:\/\/www.generationsanstabac.org\/actualites\/conference-europeenne-tabac-ou-sante-2020-vers-un-nouvel-elan\/"},"modified":"2020-02-25T12:59:24","modified_gmt":"2020-02-25T11:59:24","slug":"conference-europeenne-tabac-ou-sante-2020-vers-un-nouvel-elan","status":"publish","type":"actualites","link":"https:\/\/www.generationsanstabac.org\/en\/actualites\/conference-europeenne-tabac-ou-sante-2020-vers-un-nouvel-elan\/","title":{"rendered":"European Conference Tobacco or Health 2020: Towards a new momentum?"},"content":{"rendered":"<p>Cette conf\u00e9rence a permis \u00e0 l\u2019ensemble des acteurs engag\u00e9s dans la lutte contre le tabagisme de partager les nouvelles connaissances dans ce domaine, leurs exp\u00e9riences de bonnes pratiques mais aussi de pr\u00e9parer les prochaines \u00e9ch\u00e9ances comme la Conf\u00e9rence des Parties du trait\u00e9 de l\u2019OMS pr\u00e9vue en novembre prochain.<\/p>\n<p>Les th\u00e9matiques \u00e9voqu\u00e9es \u00e9taient tr\u00e8s diverses : l\u2019efficacit\u00e9 des politiques publiques d\u2019interdiction de publicit\u00e9, d\u2019espaces sans tabac, de conditionnements neutres, la probl\u00e9matique des lieux de vente, mais aussi les nouvelles strat\u00e9gies d\u2019interf\u00e9rence de l\u2019industrie du tabac, les d\u00e9fis li\u00e9s \u00e0 la mise sur le march\u00e9 de nouveaux produits etc.<\/p>\n<p>Les enjeux sont importants car la pr\u00e9valence tabagique dans la r\u00e9gion Europe de l\u2019OMS demeure particuli\u00e8rement \u00e9lev\u00e9e : en 2018, elle repr\u00e9sentait plus de 25% des ans et plus <a href=\"#_ftn1\" name=\"_ftnref1\">[1]<\/a>. Si des progr\u00e8s ont \u00e9t\u00e9 enregistr\u00e9s en ce qui concerne la consommation des hommes, la situation demeure particuli\u00e8rement pr\u00e9occupante pour les femmes. En outre, au regard des objectifs de r\u00e9duction de 30% de la pr\u00e9valence \u00e0 atteindre d\u2019ici 2025, seuls 6 pays sur les 53 pays de la r\u00e9gion Euro de l\u2019OMS devraient parvenir \u00e0 cet objectif. Trop de mesures pr\u00e9vues dans le trait\u00e9 de la CCLAT sur la base des bonnes pratiques ne sont en effet toujours pas mises en \u0153uvre ou appliqu\u00e9es. A cela s\u2019ajoutent les d\u00e9fis li\u00e9s \u00e0 la strat\u00e9gie agressive de \u00ab reconqu\u00eate \u00bb des cigarettiers, les pressions qu\u2019ils exercent sur les d\u00e9cideurs politiques.<\/p>\n<p>Dans cette perspective, cette conf\u00e9rence avait vocation \u00e0 mobiliser les pays pour qu\u2019ils s\u2019investissent pleinement. L\u2019Allemagne qui accueille cette conf\u00e9rence a \u00e9t\u00e9 particuli\u00e8rement vis\u00e9e par cet appel pressant, le pays est dor\u00e9navant le plus mal class\u00e9 en mati\u00e8re de politique publique pour r\u00e9duire la consommation de tabac.<\/p>\n<p>La situation demeure h\u00e9t\u00e9rog\u00e8ne entre les pays. Cependant un nombre croissant d\u2019entre eux s\u2019engagent vers la voie de l\u2019Endgame se caract\u00e9risant par une pr\u00e9valence tabagique inf\u00e9rieure \u00e0  5% dans les prochaines d\u00e9cennies. La France s\u2019inscrit dans cette d\u00e9marche avec l\u2019objectif d\u2019une g\u00e9n\u00e9ration sans tabac d\u2019ici l\u2019ann\u00e9e 2032.<\/p>\n<p><span style=\"color: #666699;\"><a style=\"color: #666699;\" href=\"https:\/\/www.generationsanstabac.org\/\">\u00a9G\u00e9n\u00e9ration Sans Tabac<\/a><\/span><\/p>\n<hr \/>\n<p><a href=\"#_ftnref1\" name=\"_ftn1\"><\/a>WHO global report on trends in prevalence of tobacco use 2000-2025, third edition. Geneva:World Health Organisation;2019 <a href=\"https:\/\/www.who.int\/publications-detail\/who-global-report-on-trends-in-prevalence-of-tobacco-use-2000-2025-third-edition\">https:\/\/www.who.int\/publications-detail\/who-global-report-on-trends-in-prevalence-of-tobacco-use-2000-2025-third-edition<\/a><\/p>\n<p><span style=\"color: #e8e8e8;\"><a style=\"color: #e8e8e8;\" href=\"http:\/\/www.cnct.fr\/\" target=\"_blank\" rel=\"noopener noreferrer\">| \u00a9Comit\u00e9 National Contre le Tabagisme |<\/a><\/span><\/p>\n","protected":false},"excerpt":{"rendered":"<p>The 8th European Tobacco or Health Conference took place in Berlin from 19 to 22 February with a view to building a tobacco-free Europe.<\/p>","protected":false},"featured_media":9740,"template":"","tags":[],"thematique":[474],"class_list":["post-19592","actualites","type-actualites","status-publish","has-post-thumbnail","hentry","thematique-sante"],"acf":[],"_links":{"self":[{"href":"https:\/\/www.generationsanstabac.org\/en\/wp-json\/wp\/v2\/actualites\/19592","targetHints":{"allow":["GET"]}}],"collection":[{"href":"https:\/\/www.generationsanstabac.org\/en\/wp-json\/wp\/v2\/actualites"}],"about":[{"href":"https:\/\/www.generationsanstabac.org\/en\/wp-json\/wp\/v2\/types\/actualites"}],"version-history":[{"count":0,"href":"https:\/\/www.generationsanstabac.org\/en\/wp-json\/wp\/v2\/actualites\/19592\/revisions"}],"wp:featuredmedia":[{"embeddable":true,"href":"https:\/\/www.generationsanstabac.org\/en\/wp-json\/wp\/v2\/media\/9740"}],"wp:attachment":[{"href":"https:\/\/www.generationsanstabac.org\/en\/wp-json\/wp\/v2\/media?parent=19592"}],"wp:term":[{"taxonomy":"post_tag","embeddable":true,"href":"https:\/\/www.generationsanstabac.org\/en\/wp-json\/wp\/v2\/tags?post=19592"},{"taxonomy":"thematique","embeddable":true,"href":"https:\/\/www.generationsanstabac.org\/en\/wp-json\/wp\/v2\/thematique?post=19592"}],"curies":[{"name":"wp","href":"https:\/\/api.w.org\/{rel}","templated":true}]}}