{"id":19589,"date":"2020-02-25T11:57:18","date_gmt":"2020-02-25T10:57:18","guid":{"rendered":"https:\/\/www.generationsanstabac.org\/actualites\/lutte-antitabac-le-retard-considerable-de-allemagne\/"},"modified":"2020-02-25T11:57:18","modified_gmt":"2020-02-25T10:57:18","slug":"lutte-antitabac-le-retard-considerable-de-allemagne","status":"publish","type":"actualites","link":"https:\/\/www.generationsanstabac.org\/en\/actualites\/lutte-antitabac-le-retard-considerable-de-allemagne\/","title":{"rendered":"Anti-smoking: Germany&#039;s considerable delay"},"content":{"rendered":"<p>L\u2019association des ligues europ\u00e9ennes contre le cancer a publi\u00e9 un rapport sur l\u2019\u00e9tat des politiques publiques antitabac  men\u00e9es dans 35 pays europ\u00e9ens ainsi qu\u2019en Isra\u00ebl<a href=\"#_ftn1\" name=\"_ftnref1\">[1]<\/a>. Le document propose un classement de ces derniers en fonction de leur \u00e9tat d\u2019avancement dans la mise en place de politiques publiques essentielles au niveau national :<\/p>\n<ul>\n<li>Les hausses de prix sur les produits du tabac \u00e0 travers l\u2019augmentation des taxes ;<\/li>\n<li>L\u2019interdiction de fumer dans les espaces publics et sur le lieu de travail ;<\/li>\n<li>Une meilleure information par le biais de campagnes de diffusion des r\u00e9sultats des recherches scientifiques sur les dangers du tabac ;<\/li>\n<li>L\u2019interdiction compl\u00e8te de toute forme de marketing en faveur du tabac: publicit\u00e9 et parrainage, promotion, y compris sur les lieux de vente des produits du tabac,<\/li>\n<li>L\u2019existence de messages sanitaires visibles appos\u00e9s sur les paquets de cigarettes et autres produits du tabac avec l\u2019adoption de conditionnements neutres ;<\/li>\n<li>La mise en place d\u2019une aide \u00e0 l\u2019arr\u00eat pour les fumeurs, notamment par un acc\u00e8s facilit\u00e9 \u00e0 un suivi et \u00e0 un traitement m\u00e9dical.<\/li>\n<\/ul>\n<p>Cette derni\u00e8re \u00e9valuation parue en f\u00e9vrier 2020 et portant sur les donn\u00e9es de 2018 int\u00e9grait \u00e9galement les mesures de lutte contre le commerce illicite des produits du tabac et la protection des politiques publiques \u00e0 l\u2019\u00e9gard de l\u2019ing\u00e9rence de l\u2019industrie du tabac.<\/p>\n<p>L\u2019Allemagne arrive \u00e0 la derni\u00e8re place de ce classement, derri\u00e8re le Luxembourg et la Suisse. Comme le souligne le rapport, l\u2019Allemagne est aujourd\u2019hui le dernier pays de l\u2019Union europ\u00e9enne \u00e0 autoriser l\u2019affichage publicitaire \u00e0 l\u2019industrie du tabac, malgr\u00e9 plusieurs tentatives pour interdire ces pratiques. Le pays accuse en effet un retard consid\u00e9rable dans la lutte antitabac : ce n\u2019est qu\u2019en d\u00e9cembre 2019 que le bloc conservateur d\u2019Angela Merkel a approuv\u00e9 la l\u00e9gislation contre la publicit\u00e9 pour le tabac, \u00e0 compter de 2022 dans les zones ext\u00e9rieures. La publicit\u00e9 pour le tabac au cin\u00e9ma devrait \u00eatre bannie en 2021, tandis que celle du tabac chauff\u00e9 ne sera interdite qu\u2019en 2023, et celle pour les cigarettes \u00e9lectroniques en 2024, laissant \u00e0 l\u2019industrie du tabac un temps consid\u00e9rable pour ajuster sa strat\u00e9gie<a href=\"#_ftn2\" name=\"_ftnref2\">[2]<\/a>. Ce manque de volontarisme dans la lutte antitabac se paye pourtant au prix fort : chaque ann\u00e9e, le tabagisme est responsable de la mort de plus de 120 000 personnes en Allemagne<a href=\"#_ftn3\" name=\"_ftnref3\">[3]<\/a>.<\/p>\n<p><span style=\"color: #666699;\"><a style=\"color: #666699;\" href=\"https:\/\/www.generationsanstabac.org\/\">\u00a9G\u00e9n\u00e9ration Sans Tabac<\/a><\/span><\/p>\n<hr \/>\n<p><em><a href=\"#_ftnref1\" name=\"_ftn1\">[1]<\/a> <a href=\"https:\/\/www.tobaccocontrolscale.org\/TCS2019.pdf\">https:\/\/www.tobaccocontrolscale.org\/TCS2019.pdf<\/a><\/em><\/p>\n<p><em><a href=\"#_ftnref2\" name=\"_ftn2\">[2]<\/a> <a href=\"https:\/\/cnct.fr\/actualites\/lentement-allemagne-se-rapproche-de-linterdiction-de-la-publicite-pour-le-tabac\/\">https:\/\/cnct.fr\/actualites\/lentement-allemagne-se-rapproche-de-linterdiction-de-la-publicite-pour-le-tabac\/<\/a><\/em><\/p>\n<p><em><a href=\"#_ftnref3\" name=\"_ftn3\">[3]<\/a> <a href=\"https:\/\/tobaccoatlas.org\/country\/germany\/\">https:\/\/tobaccoatlas.org\/country\/germany\/<\/a><\/em><\/p>\n<p><span style=\"color: #e8e8e8;\"><a style=\"color: #e8e8e8;\" href=\"http:\/\/www.cnct.fr\/\" target=\"_blank\" rel=\"noopener noreferrer\">| \u00a9Comit\u00e9 National Contre le Tabagisme |<\/a><\/span><\/p>\n","protected":false},"excerpt":{"rendered":"<p>Germany comes in last place and is now the last EU country to allow the tobacco industry to display advertising<\/p>","protected":false},"featured_media":19590,"template":"","tags":[],"thematique":[499,474],"class_list":["post-19589","actualites","type-actualites","status-publish","has-post-thumbnail","hentry","thematique-lobby","thematique-sante"],"acf":[],"_links":{"self":[{"href":"https:\/\/www.generationsanstabac.org\/en\/wp-json\/wp\/v2\/actualites\/19589","targetHints":{"allow":["GET"]}}],"collection":[{"href":"https:\/\/www.generationsanstabac.org\/en\/wp-json\/wp\/v2\/actualites"}],"about":[{"href":"https:\/\/www.generationsanstabac.org\/en\/wp-json\/wp\/v2\/types\/actualites"}],"version-history":[{"count":0,"href":"https:\/\/www.generationsanstabac.org\/en\/wp-json\/wp\/v2\/actualites\/19589\/revisions"}],"wp:featuredmedia":[{"embeddable":true,"href":"https:\/\/www.generationsanstabac.org\/en\/wp-json\/wp\/v2\/media\/19590"}],"wp:attachment":[{"href":"https:\/\/www.generationsanstabac.org\/en\/wp-json\/wp\/v2\/media?parent=19589"}],"wp:term":[{"taxonomy":"post_tag","embeddable":true,"href":"https:\/\/www.generationsanstabac.org\/en\/wp-json\/wp\/v2\/tags?post=19589"},{"taxonomy":"thematique","embeddable":true,"href":"https:\/\/www.generationsanstabac.org\/en\/wp-json\/wp\/v2\/thematique?post=19589"}],"curies":[{"name":"wp","href":"https:\/\/api.w.org\/{rel}","templated":true}]}}