{"id":19588,"date":"2020-02-21T16:21:51","date_gmt":"2020-02-21T15:21:51","guid":{"rendered":"https:\/\/www.generationsanstabac.org\/actualites\/en-suisse-36-des-25-34-ans-sont-fumeurs\/"},"modified":"2020-02-21T16:21:51","modified_gmt":"2020-02-21T15:21:51","slug":"en-suisse-36-des-25-34-ans-sont-fumeurs","status":"publish","type":"actualites","link":"https:\/\/www.generationsanstabac.org\/en\/actualites\/en-suisse-36-des-25-34-ans-sont-fumeurs\/","title":{"rendered":"In Switzerland, 36% of 25-34 year-olds are smokers."},"content":{"rendered":"<p>Selon les donn\u00e9es publi\u00e9es le 18 f\u00e9vrier 2020 par l\u2019Office f\u00e9d\u00e9ral de la statistique, c\u2019est parmi les jeunes que l\u2019on trouve les plus fortes proportions de fumeurs. La moyenne des fumeurs entre 25 et 34 ans d\u00e9passe de 9 points la moyenne nationale globale qui s\u2019\u00e9l\u00e8ve \u00e0 27%.<\/p>\n<p>La classe d\u2019\u00e2ge la plus touch\u00e9e par l\u2019\u00e9pid\u00e9mie tabagique en Suisse est celle des 25-34 ans, m\u00eame si les plus jeunes ne sont pas \u00e9pargn\u00e9s : 32% des 15 \u00e0 24 ans fument. C\u2019est plus qu\u2019en France, o\u00f9 l\u2019on rel\u00e8ve une pr\u00e9valence tabagique de 35% chez les hommes de 25 \u00e0 34 ans et de 29.2% chez les femmes de la m\u00eame tranche d\u2019\u00e2ge. Le Bulletin Epid\u00e9miologique hebdomadaire du 28 mai 2020 consacr\u00e9 au tabagisme a d\u2019ailleurs annonc\u00e9 la r\u00e9duction du nombre de jeunes vivant en France qui entrent dans le tabagisme. De mani\u00e8re g\u00e9n\u00e9rale, la Suisse compte plus de fumeurs qu\u2019en France qui compte en 2018 25,4% de fumeurs selon Sant\u00e9 Publique France.<\/p>\n<p>Si\u00e8ge de nombreuses multinationales, l\u00e9gislation relativement laxiste, la Suisse demeure le bastion de l\u2019industrie du tabac. Elle abrite notamment les si\u00e8ges de Philip Morris International et Japan Tobacco International. Si r\u00e9cemment, la vente de tabac a \u00e9t\u00e9 interdite aux mineurs \u00e0 Gen\u00e8ve, la publicit\u00e9 du tabac est toujours l\u00e9gale dans le pays.<\/p>\n<p>En 2013, l\u2019Organisation mondiale de la Sant\u00e9 publiait une \u00e9tude<a href=\"#_ftn1\" name=\"_ftnref1\">[1]<\/a> dans laquelle les exp\u00e9riences r\u00e9ussies de politiques antitabac \u00e9taient recens\u00e9es. La Suisse n\u2019y figurait pas car de nombreux cantons pr\u00e9sentaient un retard \u00e9vident en termes de lutte antitabac. Le pays n\u2019a toujours pas ratifi\u00e9 la Convention-cadre de l\u2019OMS pour la lutte antitabac qu\u2019elle a sign\u00e9e en 2004.<\/p>\n<p><span style=\"color: #666699;\"><a style=\"color: #666699;\" href=\"https:\/\/www.generationsanstabac.org\/\">\u00a9G\u00e9n\u00e9ration Sans Tabac<\/a><\/span><\/p>\n<hr \/>\n<p><a href=\"#_ftnref1\" name=\"_ftn1\">[1]<\/a> David T Levy, Jennifer A Ellis, Darren Mays, An-Tsun Huang, \u00ab Smoking-related deaths averted due to three years of policy progress \u00bb, <em>Bulletin of the World Health Organization<\/em>, Volume 91, Num\u00e9ro 7, Juillet 2013, pp. 465-544, <a href=\"http:\/\/dx.doi.org\/10.2471\/BLT.12.113878\">http:\/\/dx.doi.org\/10.2471\/BLT.12.113878<\/a><\/p>\n<p><a href=\"http:\/\/dnf.asso.fr\/\" target=\"_blank\" rel=\"noopener noreferrer\"><span style=\"color: #e8e8e8;\">|| \u00a9DNF Pour un monde Z\u00e9ro Tabac<\/span><\/a><\/p>\n","protected":false},"excerpt":{"rendered":"<p>The age group most affected by the tobacco epidemic in Switzerland is that of 25-34 year olds, even if the youngest are not spared.<\/p>","protected":false},"featured_media":19511,"template":"","tags":[],"thematique":[474],"class_list":["post-19588","actualites","type-actualites","status-publish","has-post-thumbnail","hentry","thematique-sante"],"acf":[],"_links":{"self":[{"href":"https:\/\/www.generationsanstabac.org\/en\/wp-json\/wp\/v2\/actualites\/19588","targetHints":{"allow":["GET"]}}],"collection":[{"href":"https:\/\/www.generationsanstabac.org\/en\/wp-json\/wp\/v2\/actualites"}],"about":[{"href":"https:\/\/www.generationsanstabac.org\/en\/wp-json\/wp\/v2\/types\/actualites"}],"version-history":[{"count":0,"href":"https:\/\/www.generationsanstabac.org\/en\/wp-json\/wp\/v2\/actualites\/19588\/revisions"}],"wp:featuredmedia":[{"embeddable":true,"href":"https:\/\/www.generationsanstabac.org\/en\/wp-json\/wp\/v2\/media\/19511"}],"wp:attachment":[{"href":"https:\/\/www.generationsanstabac.org\/en\/wp-json\/wp\/v2\/media?parent=19588"}],"wp:term":[{"taxonomy":"post_tag","embeddable":true,"href":"https:\/\/www.generationsanstabac.org\/en\/wp-json\/wp\/v2\/tags?post=19588"},{"taxonomy":"thematique","embeddable":true,"href":"https:\/\/www.generationsanstabac.org\/en\/wp-json\/wp\/v2\/thematique?post=19588"}],"curies":[{"name":"wp","href":"https:\/\/api.w.org\/{rel}","templated":true}]}}