{"id":19577,"date":"2020-02-17T13:35:18","date_gmt":"2020-02-17T12:35:18","guid":{"rendered":"https:\/\/www.generationsanstabac.org\/actualites\/royaume-uni-uk-hausse-tabac-paquet-neutre\/"},"modified":"2020-02-17T13:35:18","modified_gmt":"2020-02-17T12:35:18","slug":"royaume-uni-uk-hausse-tabac-paquet-neutre","status":"publish","type":"actualites","link":"https:\/\/www.generationsanstabac.org\/en\/actualites\/royaume-uni-uk-hausse-tabac-paquet-neutre\/","title":{"rendered":"UK: Tobacco prices rise following introduction of plain packaging"},"content":{"rendered":"<p>Le prix du tabac au Royaume-Uni a augment\u00e9 depuis l\u2019introduction du paquet neutre pour les paquets de cigarettes en 2017, contrant les affirmations de l&rsquo;industrie du tabac \u00e0 l&rsquo;\u00e9poque selon lesquelles cette mesure de sant\u00e9 publique conduirait \u00e0 une baisse des prix.<\/p>\n<p>Un article, publi\u00e9 dans la revue PLOS One<a href=\"#_ftn1\" name=\"_ftnref1\">[1]<\/a>, compare les prix avant et apr\u00e8s la mise en \u0153uvre de la mesure, soit en 2015 et 2018.<\/p>\n<p>La professeure Anna Gilmore, qui dirige le \u00ab Tobacco Control Research Group \u00bb de l\u2019Universit\u00e9 en charge de cette \u00e9tude, pr\u00e9cise : \u00ab <em>A l\u2019instar d\u2019autres pr\u00e9dictions faites par les fabricants de tabac, leurs affirmations n&rsquo;ont pas r\u00e9sist\u00e9 \u00e0 l&rsquo;examen des faits. Nous avons en effet constat\u00e9 que les prix dans la plupart des segments de march\u00e9 ont augment\u00e9 plus rapidement apr\u00e8s l\u2019adoption de la mesure par rapport \u00e0 la p\u00e9riode pr\u00e9c\u00e9dente<\/em>. \u00bb<\/p>\n<p>Au cours de la consultation sur l&rsquo;introduction de l&#8217;emballage neutre au Royaume-Uni, les grandes soci\u00e9t\u00e9s de tabac avaient affirm\u00e9 que les fumeurs refuseraient de payer des prix \u00e9lev\u00e9s pour les cigarettes premium emball\u00e9es dans un paquet neutre, de sorte que cette mesure entra\u00eenerait une baisse des prix et par voie de cons\u00e9quence une augmentation du tabagisme. En analysant les donn\u00e9es sur les ventes de tabac, les chercheurs de Bath ont constat\u00e9 l&rsquo;inverse : les prix \u00e9taient plus \u00e9lev\u00e9s un an apr\u00e8s l\u2019entr\u00e9e en vigueur compl\u00e8te de la l\u00e9gislation sur les emballages neutres, par rapport aux prix de 2015 avant son introduction. L\u2019augmentation du minimum de perception a permis de contrer ais\u00e9ment les strat\u00e9gies des fabricants visant \u00e0 rendre plus accessibles leurs produits par une guerre commerciale sur les prix.<\/p>\n<p>Les auteurs de cette nouvelle \u00e9tude du Groupe de recherche sur le contr\u00f4le du tabac de l&rsquo;Universit\u00e9 de Bath, soulignent que ces r\u00e9sultats devraient \u00eatre utilis\u00e9s dans les pays qui envisagent d\u2019adopter des conditionnements neutres pour les produits du tabac et sont confront\u00e9s aux all\u00e9gations de l&rsquo;industrie du tabac.<\/p>\n<p><span style=\"color: #666699;\"><a style=\"color: #666699;\" href=\"https:\/\/www.generationsanstabac.org\/\">\u00a9G\u00e9n\u00e9ration Sans Tabac<\/a><\/span><\/p>\n<hr \/>\n<p><em><a href=\"#_ftnref1\" name=\"_ftn1\">[1]<\/a> Hiscock R, Augustin NH, Branston JR, Gilmore AB (2020) Standardised packaging, minimum excise tax, and RYO focussed tax rise implications for UK tobacco pricing. PLoS ONE 15(2): e0228069. https:\/\/doi.org\/10.1371\/journal.pone.0228069 <a href=\"https:\/\/journals.plos.org\/plosone\/article?id=10.1371\/journal.pone.0228069\">https:\/\/journals.plos.org\/plosone\/article?id=10.1371\/journal.pone.0228069<\/a><\/em><\/p>\n<p><span style=\"color: #e8e8e8;\"><a style=\"color: #e8e8e8;\" href=\"http:\/\/www.cnct.fr\/\" target=\"_blank\" rel=\"noopener noreferrer\">| \u00a9Comit\u00e9 National Contre le Tabagisme |<\/a><\/span><\/p>\n","protected":false},"excerpt":{"rendered":"<p>The price of tobacco in the UK has risen since the introduction of plain packaging in 2017, contradicting tobacco industry claims.<\/p>","protected":false},"featured_media":14973,"template":"","tags":[],"thematique":[491],"class_list":["post-19577","actualites","type-actualites","status-publish","has-post-thumbnail","hentry","thematique-politiques-publiques"],"acf":[],"_links":{"self":[{"href":"https:\/\/www.generationsanstabac.org\/en\/wp-json\/wp\/v2\/actualites\/19577","targetHints":{"allow":["GET"]}}],"collection":[{"href":"https:\/\/www.generationsanstabac.org\/en\/wp-json\/wp\/v2\/actualites"}],"about":[{"href":"https:\/\/www.generationsanstabac.org\/en\/wp-json\/wp\/v2\/types\/actualites"}],"version-history":[{"count":0,"href":"https:\/\/www.generationsanstabac.org\/en\/wp-json\/wp\/v2\/actualites\/19577\/revisions"}],"wp:featuredmedia":[{"embeddable":true,"href":"https:\/\/www.generationsanstabac.org\/en\/wp-json\/wp\/v2\/media\/14973"}],"wp:attachment":[{"href":"https:\/\/www.generationsanstabac.org\/en\/wp-json\/wp\/v2\/media?parent=19577"}],"wp:term":[{"taxonomy":"post_tag","embeddable":true,"href":"https:\/\/www.generationsanstabac.org\/en\/wp-json\/wp\/v2\/tags?post=19577"},{"taxonomy":"thematique","embeddable":true,"href":"https:\/\/www.generationsanstabac.org\/en\/wp-json\/wp\/v2\/thematique?post=19577"}],"curies":[{"name":"wp","href":"https:\/\/api.w.org\/{rel}","templated":true}]}}