{"id":19552,"date":"2020-01-30T15:43:21","date_gmt":"2020-01-30T14:43:21","guid":{"rendered":"https:\/\/www.generationsanstabac.org\/actualites\/a-geneve-la-vente-de-produits-du-tabac-et-de-produits-assimiles-est-desormais-interdite-aux-mineurs\/"},"modified":"2020-01-30T15:43:21","modified_gmt":"2020-01-30T14:43:21","slug":"a-geneve-la-vente-de-produits-du-tabac-et-de-produits-assimiles-est-desormais-interdite-aux-mineurs","status":"publish","type":"actualites","link":"https:\/\/www.generationsanstabac.org\/en\/actualites\/a-geneve-la-vente-de-produits-du-tabac-et-de-produits-assimiles-est-desormais-interdite-aux-mineurs\/","title":{"rendered":"In Geneva, the sale of tobacco products and similar products is now prohibited to minors"},"content":{"rendered":"<p style=\"text-align: justify;\">Le 17 janvier 2020, le Grand Conseil du canton de Gen\u00e8ve a adopt\u00e9 \u00e0 l\u2019unanimit\u00e9 le projet de loi du Conseil d\u2019Etat visant \u00e0 interdire la vente de cigarettes \u00e9lectroniques aux mineurs.<\/p>\n<p style=\"text-align: justify;\">Au-del\u00e0 de l\u2019interdiction de la vente des produits du tabac aux mineurs, la nouvelle loi vise les produits assimil\u00e9s au tabac c\u2019est-\u00e0-\u00e0-dire : les cigarettes \u00e9lectroniques, les flacons de recharge, les cartouches ainsi que le cannabis l\u00e9gal (CBD). Jusque-l\u00e0, il n\u2019existait \u00e0 Gen\u00e8ve aucune interdiction de vente pour les mineurs tant pour le tabac que pour les produits assimil\u00e9s au tabac. Le projet de loi adopt\u00e9 change la donne : la cigarette et les produits assimil\u00e9s font d\u00e9sormais partie de la m\u00eame cat\u00e9gorie que l\u2019alcool. D\u2019ailleurs, le texte ne s\u2019arr\u00eate pas l\u00e0 : il sera d\u00e9sormais interdit de vapoter dans les \u00e9tablissements publics.<\/p>\n<p style=\"text-align: justify;\">La nouvelle loi op\u00e8re une r\u00e9volution copernicienne du traitement r\u00e9serv\u00e9 jusque-l\u00e0 \u00e0 la cigarette \u00e9lectronique en la mettant au m\u00eame rang que la cigarette traditionnelle. Ces produits assimil\u00e9s au tabac seront encadr\u00e9s avec une nouvelle rigueur ; les vendeurs de cigarettes \u00e9lectroniques doivent d\u00e9sormais demander une autorisation de vente.<\/p>\n<p style=\"text-align: justify;\">Cette loi semble amorcer une intensification de la lutte antitabac en Suisse. En 2013, l\u2019Organisation mondiale de la Sant\u00e9 publiait une \u00e9tude<a href=\"#_ftn1\" name=\"_ftnref1\">[1]<\/a> dans laquelle les exp\u00e9riences r\u00e9ussies de politiques antitabac \u00e9taient recens\u00e9es. La Suisse n\u2019y figurait pas car de nombreux cantons pr\u00e9sentaient un retard \u00e9vident en termes de lutte antitabac. La nouvelle loi semble marquer une avance significative, m\u00eame si la Suisse n\u2019a toujours pas ratifi\u00e9 la Convention-cadre de l\u2019OMS pour la lutte antitabac qu\u2019elle a sign\u00e9e en 2004.<\/p>\n<p style=\"text-align: justify;\"><a href=\"https:\/\/www.generationsanstabac.org\/\">\u00a9G\u00e9n\u00e9ration Sans Tabac<\/a><\/p>\n<hr \/>\n<p><em><a href=\"#_ftnref1\" name=\"_ftn1\">[1]<\/a> David T Levy, Jennifer A Ellis, Darren Mays, An-Tsun Huang, \u00ab Smoking-related deaths averted due to three years of policy progress \u00bb, Bulletin of the World Health Organization, Volume 91, Num\u00e9ro 7, Juillet 2013, pp. 465-544, <a href=\"http:\/\/dx.doi.org\/10.2471\/BLT.12.113878\">http:\/\/dx.doi.org\/10.2471\/BLT.12.113878<\/a><\/em><\/p>\n<p><span style=\"color: #e8e8e8;\"><a style=\"color: #e8e8e8;\" href=\"http:\/\/dnf.asso.fr\/\" target=\"_blank\" rel=\"noopener noreferrer\">|| \u00a9DNF Pour un monde Z\u00e9ro Tabac<\/a><\/span><\/p>\n","protected":false},"excerpt":{"rendered":"<p>The Grand Council of the Canton of Geneva has adopted the State Council&#039;s bill aimed at banning the sale of electronic cigarettes to minors.<\/p>","protected":false},"featured_media":10868,"template":"","tags":[],"thematique":[491],"class_list":["post-19552","actualites","type-actualites","status-publish","has-post-thumbnail","hentry","thematique-politiques-publiques"],"acf":[],"_links":{"self":[{"href":"https:\/\/www.generationsanstabac.org\/en\/wp-json\/wp\/v2\/actualites\/19552","targetHints":{"allow":["GET"]}}],"collection":[{"href":"https:\/\/www.generationsanstabac.org\/en\/wp-json\/wp\/v2\/actualites"}],"about":[{"href":"https:\/\/www.generationsanstabac.org\/en\/wp-json\/wp\/v2\/types\/actualites"}],"version-history":[{"count":0,"href":"https:\/\/www.generationsanstabac.org\/en\/wp-json\/wp\/v2\/actualites\/19552\/revisions"}],"wp:featuredmedia":[{"embeddable":true,"href":"https:\/\/www.generationsanstabac.org\/en\/wp-json\/wp\/v2\/media\/10868"}],"wp:attachment":[{"href":"https:\/\/www.generationsanstabac.org\/en\/wp-json\/wp\/v2\/media?parent=19552"}],"wp:term":[{"taxonomy":"post_tag","embeddable":true,"href":"https:\/\/www.generationsanstabac.org\/en\/wp-json\/wp\/v2\/tags?post=19552"},{"taxonomy":"thematique","embeddable":true,"href":"https:\/\/www.generationsanstabac.org\/en\/wp-json\/wp\/v2\/thematique?post=19552"}],"curies":[{"name":"wp","href":"https:\/\/api.w.org\/{rel}","templated":true}]}}