{"id":19528,"date":"2020-01-17T13:43:32","date_gmt":"2020-01-17T12:43:32","guid":{"rendered":"https:\/\/www.generationsanstabac.org\/actualites\/la-semaine-pour-un-quebec-sans-tabac-lancement-imminent-de-la-43eme-edition\/"},"modified":"2020-01-17T13:43:32","modified_gmt":"2020-01-17T12:43:32","slug":"la-semaine-pour-un-quebec-sans-tabac-lancement-imminent-de-la-43eme-edition","status":"publish","type":"actualites","link":"https:\/\/www.generationsanstabac.org\/en\/actualites\/la-semaine-pour-un-quebec-sans-tabac-lancement-imminent-de-la-43eme-edition\/","title":{"rendered":"Tobacco-Free Quebec Week: imminent launch"},"content":{"rendered":"<p style=\"text-align: justify;\">Du 19 au 25 janvier 2020 se d\u00e9roulera la 43\u00e8me \u00e9dition de la Semaine pour un Qu\u00e9bec sans tabac<a href=\"#_ftn1\" name=\"_ftnref1\">[1]<\/a>, destin\u00e9e \u00e0 sensibiliser le grand public canadien sur les risques que fait peser le tabagisme sur la sant\u00e9, notamment cardiovasculaire et coronarienne.<\/p>\n<p style=\"text-align: justify;\">Cette prise de conscience collective est d\u2019autant plus n\u00e9cessaire que les maladies du c\u0153ur sont la deuxi\u00e8me cause de mortalit\u00e9 au Canada, et que le tabagisme double le risque de d\u00e9velopper une maladie cardiovasculaire, dont l\u2019infarctus, l\u2019AVC et l\u2019insuffisance cardiaque font partie.<\/p>\n<p style=\"text-align: justify;\">Cette campagne permet notamment de rappeler que le tabac est toujours nocif, y compris sur le court-terme, ou lorsque sa consommation est occasionnelle, ou faible. En effet, on estime que le risque cardio-vasculaire d\u2019une personne qui ne fume qu\u2019une cigarette par jour est \u00e9gal \u00e0 la moiti\u00e9 de celui qui fume un paquet par jour. De ce fait, il n\u2019existe pas de \u00ab petite consommation heureuse \u00bb.<\/p>\n<p style=\"text-align: justify;\">Tr\u00e8s proche de ce qui peut \u00eatre fait en France avec le Mois Sans Tabac, cette semaine de sensibilisation a \u00e9t\u00e9 coordonn\u00e9e par le <a href=\"https:\/\/quebecsanstabac.ca\/cqts\">Conseil qu\u00e9b\u00e9cois sur le tabac et la sant\u00e9<\/a>, qui \u0153uvre depuis plus de quarante ans pour r\u00e9duire la consommation de tabac, premi\u00e8re cause de mortalit\u00e9 pr\u00e9matur\u00e9e au Qu\u00e9bec. Comme G\u00e9n\u00e9ration Sans Tabac, le CQTS s\u2019inscrit dans l\u2019objectif d\u2019un monde sans tabac, \u00e0 commencer par les jeunes g\u00e9n\u00e9rations.<\/p>\n<p><span style=\"color: #666699;\">\u00a9G\u00e9n\u00e9ration Sans Tabac<\/span><\/p>\n<hr \/>\n<p><em><a href=\"#_ftnref1\" name=\"_ftn1\">[1]<\/a> <a href=\"https:\/\/quebecsanstabac.ca\/cqts\/sqst\">https:\/\/quebecsanstabac.ca\/cqts\/sqst<\/a><\/em><\/p>\n<p><span style=\"color: #e8e8e8;\">| \u00a9Comit\u00e9 National Contre le Tabagisme |<\/span><\/p>\n","protected":false},"excerpt":{"rendered":"<p>From January 19 to 25, 2020, the 43rd edition of the Week for a Tobacco-Free Quebec will take place, intended to raise public awareness of the risks<\/p>","protected":false},"featured_media":19529,"template":"","tags":[],"thematique":[474],"class_list":["post-19528","actualites","type-actualites","status-publish","has-post-thumbnail","hentry","thematique-sante"],"acf":[],"_links":{"self":[{"href":"https:\/\/www.generationsanstabac.org\/en\/wp-json\/wp\/v2\/actualites\/19528","targetHints":{"allow":["GET"]}}],"collection":[{"href":"https:\/\/www.generationsanstabac.org\/en\/wp-json\/wp\/v2\/actualites"}],"about":[{"href":"https:\/\/www.generationsanstabac.org\/en\/wp-json\/wp\/v2\/types\/actualites"}],"version-history":[{"count":0,"href":"https:\/\/www.generationsanstabac.org\/en\/wp-json\/wp\/v2\/actualites\/19528\/revisions"}],"wp:featuredmedia":[{"embeddable":true,"href":"https:\/\/www.generationsanstabac.org\/en\/wp-json\/wp\/v2\/media\/19529"}],"wp:attachment":[{"href":"https:\/\/www.generationsanstabac.org\/en\/wp-json\/wp\/v2\/media?parent=19528"}],"wp:term":[{"taxonomy":"post_tag","embeddable":true,"href":"https:\/\/www.generationsanstabac.org\/en\/wp-json\/wp\/v2\/tags?post=19528"},{"taxonomy":"thematique","embeddable":true,"href":"https:\/\/www.generationsanstabac.org\/en\/wp-json\/wp\/v2\/thematique?post=19528"}],"curies":[{"name":"wp","href":"https:\/\/api.w.org\/{rel}","templated":true}]}}