{"id":19524,"date":"2020-01-17T11:30:11","date_gmt":"2020-01-17T10:30:11","guid":{"rendered":"https:\/\/www.generationsanstabac.org\/actualites\/idee-recue-jamais-le-tabac-naura-rapporte-autant-dargent-a-etat\/"},"modified":"2020-01-17T11:30:11","modified_gmt":"2020-01-17T10:30:11","slug":"idee-recue-jamais-le-tabac-naura-rapporte-autant-dargent-a-etat","status":"publish","type":"actualites","link":"https:\/\/www.generationsanstabac.org\/en\/actualites\/idee-recue-jamais-le-tabac-naura-rapporte-autant-dargent-a-etat\/","title":{"rendered":"Misconception: tobacco has never brought in so much money to the State"},"content":{"rendered":"<p style=\"text-align: justify;\">\u00c0 quelques mois du paquet de cigarettes \u00e0 10 euros, une petite musique commence \u00e0 \u00eatre distill\u00e9e, particuli\u00e8rement du c\u00f4t\u00e9 de l\u2019industrie du tabac et des buralistes pour un gel des prix jusqu\u2019en 2022 afin de \u00ab stabiliser le march\u00e9 \u00bb.<\/p>\n<p style=\"text-align: justify;\">Cette demande intervient dans un contexte de diminution de la consommation et des volumes de ventes (-7,5 %) en 2019<a href=\"#_ftn1\" name=\"_ftnref1\">[1]<\/a> qui a \u00e9t\u00e9 plus que compens\u00e9 en valeur puisque, les revenus des cigarettiers et des buralistes a encore augment\u00e9 (+2 %). Les buralistes b\u00e9n\u00e9ficient par ailleurs de nombreuses aides publiques, \u00ab filets de s\u00e9curit\u00e9 \u00bb en particulier avec les contrats d\u2019avenir et autres dispositions convenues avec leur minist\u00e8re de tutelle les douanes.<\/p>\n<p style=\"text-align: justify;\">Contrairement aux id\u00e9es re\u00e7ues, l\u2019Etat ne s\u2019enrichit pas gr\u00e2ce \u00e0 la consommation de tabac. Certes les taxes per\u00e7ues sur les produits du tabac repr\u00e9senteront environ <a href=\"https:\/\/www.capital.fr\/economie-politique\/letat-va-toucher-le-jackpot-en-2020-grace-aux-taxes-sur-le-tabac-1353289\">16 milliards<\/a> d&rsquo;euros \u00e0 la fin 2020, cependant le co\u00fbt pour la collectivit\u00e9 dans son ensemble, y compris pour les finances publiques, est largement sup\u00e9rieur. Aujourd\u2019hui, le co\u00fbt social a \u00e9t\u00e9 \u00e9valu\u00e9 \u00e0 120 milliards d\u2019euros pour l&rsquo;Etat<a href=\"#_ftn2\" name=\"_ftnref2\">[2]<\/a>. Il importe en effet de prendre en compte les d\u00e9penses de sant\u00e9 mais aussi les pertes de revenus, d&rsquo;imp\u00f4ts et de productivit\u00e9s li\u00e9es \u00e0 une mortalit\u00e9 anticip\u00e9e et \u00e0 la morbidit\u00e9 associ\u00e9e au tabagisme.<\/p>\n<p style=\"text-align: justify;\">Les tentatives pour arr\u00eater de fumer redoublent depuis deux ans, encourag\u00e9es par une meilleure prise en charge des patchs et autres traitements m\u00e9dicamenteux. Selon le Comit\u00e9 interminist\u00e9riel pour la sant\u00e9, en deux ans, 1,6 million de fumeurs quotidiens sont parvenus \u00e0 arr\u00eater gr\u00e2ce \u00e0 une politique compl\u00e8te incluant une politique fiscale dynamique et une prise en charge des traitements des fumeurs<a href=\"#_ftn3\" name=\"_ftnref3\">[3]<\/a>.<\/p>\n<p style=\"text-align: justify;\">Cette politique compl\u00e8te doit \u00eatre poursuivie de mani\u00e8re active pour parvenir \u00e0 l\u2019objectif d\u2019une g\u00e9n\u00e9ration sans tabac d\u2019ici 2032. Cela n\u00e9cessite donc au-del\u00e0 de l\u2019ann\u00e9e 2021 de pr\u00e9voir une nouvelle strat\u00e9gie fiscale concernant les produits du tabac.<\/p>\n<p><span style=\"color: #666699;\">\u00a9G\u00e9n\u00e9ration Sans Tabac<\/span><\/p>\n<hr \/>\n<p><em><a href=\"#_ftnref1\" name=\"_ftn1\">[1]<\/a> <a href=\"https:\/\/www.ofdt.fr\/statistiques-et-infographie\/tableau-de-bord-tabac\/\">https:\/\/www.ofdt.fr\/statistiques-et-infographie\/tableau-de-bord-tabac\/<\/a><\/em><\/p>\n<p><em><a href=\"#_ftnref2\" name=\"_ftn2\">[2]<\/a> <a href=\"https:\/\/cnct.fr\/le-tabac-coute-cher-a-la-societe\/\">https:\/\/cnct.fr\/le-tabac-coute-cher-a-la-societe\/<\/a><\/em><\/p>\n<p><em><a href=\"#_ftn3\" name=\"_ftnref3\">[3] <\/a><a href=\"https:\/\/solidarites-sante.gouv.fr\/IMG\/pdf\/190325_-_dp_-_cis_2019.pdf\" target=\"_blank\" rel=\"noopener\">Rester en bonne sant\u00e9 tout au long de sa vie #JagispourmaSante<\/a>. Comit\u00e9 interminist\u00e9riel pour la Sant\u00e9. Dossier de presse, 25 mars 2019. <\/em><\/p>\n<p><span style=\"color: #e8e8e8;\">| \u00a9Comit\u00e9 National Contre le Tabagisme |<\/span><\/p>\n","protected":false},"excerpt":{"rendered":"<p>Misconception: tobacco has never brought in so much money to the State. However, the cost to the community is much higher.<\/p>","protected":false},"featured_media":19525,"template":"","tags":[],"thematique":[491],"class_list":["post-19524","actualites","type-actualites","status-publish","has-post-thumbnail","hentry","thematique-politiques-publiques"],"acf":[],"_links":{"self":[{"href":"https:\/\/www.generationsanstabac.org\/en\/wp-json\/wp\/v2\/actualites\/19524","targetHints":{"allow":["GET"]}}],"collection":[{"href":"https:\/\/www.generationsanstabac.org\/en\/wp-json\/wp\/v2\/actualites"}],"about":[{"href":"https:\/\/www.generationsanstabac.org\/en\/wp-json\/wp\/v2\/types\/actualites"}],"version-history":[{"count":0,"href":"https:\/\/www.generationsanstabac.org\/en\/wp-json\/wp\/v2\/actualites\/19524\/revisions"}],"wp:featuredmedia":[{"embeddable":true,"href":"https:\/\/www.generationsanstabac.org\/en\/wp-json\/wp\/v2\/media\/19525"}],"wp:attachment":[{"href":"https:\/\/www.generationsanstabac.org\/en\/wp-json\/wp\/v2\/media?parent=19524"}],"wp:term":[{"taxonomy":"post_tag","embeddable":true,"href":"https:\/\/www.generationsanstabac.org\/en\/wp-json\/wp\/v2\/tags?post=19524"},{"taxonomy":"thematique","embeddable":true,"href":"https:\/\/www.generationsanstabac.org\/en\/wp-json\/wp\/v2\/thematique?post=19524"}],"curies":[{"name":"wp","href":"https:\/\/api.w.org\/{rel}","templated":true}]}}