{"id":19520,"date":"2020-01-16T13:47:51","date_gmt":"2020-01-16T12:47:51","guid":{"rendered":"https:\/\/www.generationsanstabac.org\/actualites\/les-etats-unis-relevent-officiellement-lage-de-vente-du-tabac-a-21-ans\/"},"modified":"2020-01-16T13:47:51","modified_gmt":"2020-01-16T12:47:51","slug":"les-etats-unis-relevent-officiellement-lage-de-vente-du-tabac-a-21-ans","status":"publish","type":"actualites","link":"https:\/\/www.generationsanstabac.org\/en\/actualites\/les-etats-unis-relevent-officiellement-lage-de-vente-du-tabac-a-21-ans\/","title":{"rendered":"US Officially Raises Tobacco Sales Age to 21"},"content":{"rendered":"<p style=\"text-align: justify;\">Aux \u00c9tats-Unis, une nouvelle loi interdisant la vente de produits du tabac \u00e0 toute personne de moins de 21 ans est d\u00e9sormais en vigueur, selon l\u2019agence publique am\u00e9ricaine, la Food and Drug Administration, <a href=\"https:\/\/www.fda.gov\/\">FDA.<\/a><\/p>\n<p style=\"text-align: justify;\">La FDA a indiqu\u00e9 qu\u2019il est d\u00e9sormais ill\u00e9gal pour un d\u00e9taillant de vendre des produits du tabac (cigarettes, cigares etc.) mais aussi tout produit du vapotage (cigarettes \u00e9lectroniques)  \u00e0 toute personne de moins de 21 ans. Le rel\u00e8vement de l&rsquo;\u00e2ge l\u00e9gal pour vendre des produits du tabac aux \u00c9tats-Unis de 18 \u00e0 21 ans repr\u00e9sente un acquis majeur de sant\u00e9 publique. Plusieurs \u00c9tats avaient d\u00e9j\u00e0 adopt\u00e9 une telle disposition. En d\u00e9cembre 2019, 19 \u00c9tats avaient ainsi augment\u00e9 l&rsquo;\u00e2ge minimum pour vendre des produits du tabac \u00e0 compter seulement de 21 ans, selon Campaign for Tobacco-Free Kids (CTFK)<a href=\"#_ftn1\" name=\"_ftnref1\">[1]<\/a>.<\/p>\n<p style=\"text-align: justify;\">Cette disposition \u00e9tendue aux produits du vapotage est intervenue alors que le vapotage parmi les jeunes a consid\u00e9rablement augment\u00e9 et que des cas de maladies pulmonaires ont \u00e9t\u00e9 enregistr\u00e9s dans le pays, associ\u00e9s \u00e0 une consommation d\u00e9tourn\u00e9e de ces produits. Les organisations de sant\u00e9 ont fait par ailleurs pression sur les autorit\u00e9s publiques pour faire interdire les saveurs, tr\u00e8s populaires parmi les jeunes, notamment pour la marque JUUL. Le dernier rapport d&rsquo;une enqu\u00eate f\u00e9d\u00e9rale, intitul\u00e9e <a href=\"https:\/\/www.drugabuse.gov\/news-events\/news-releases\/2019\/12\/vaping-marijuana-rise-among-teens\">Monitoring the Future<\/a>, a r\u00e9v\u00e9l\u00e9 que 25% des \u00e9l\u00e8ves terminale, 20% des \u00e9l\u00e8ves en seconde 10% des coll\u00e9giens (4<sup>\u00e8me<\/sup>) d\u00e9clarent avoir consomm\u00e9 de la nicotine au travers de produits du vapotage au cours du dernier mois.<\/p>\n<p style=\"text-align: justify;\">Selon le pr\u00e9sident de CTFK, \u00ab <em>augmenter l&rsquo;\u00e2ge du tabac \u00e0 21 ans est une \u00e9tape positive, mais qui ne doit pas \u00eatre un substitut \u00e0 l&rsquo;interdiction des cigarettes \u00e9lectroniques aromatis\u00e9es qui attirent les jeunes. La plupart des jeunes utilisateurs de cigarettes \u00e9lectroniques utilisent des produits aromatis\u00e9s et citent les saveurs comme raison principale de leur utilisation. Tant que les cigarettes \u00e9lectroniques aromatis\u00e9es resteront disponibles, les enfants trouveront des moyens de les obtenir et cette \u00e9pid\u00e9mie continuera <\/em>\u00bb.<\/p>\n<p><span style=\"color: #666699;\">\u00a9G\u00e9n\u00e9ration Sans Tabac<\/span><\/p>\n<p><em><a href=\"#_ftnref1\" name=\"_ftn1\">[1]<\/a> Arkansas, California, Connecticut, Delaware, Hawaii, Illinois, Maine, Maryland, Massachusetts, New Jersey, New York, Ohio, Oregon, Pennsylvania, Texas, Utah, Vermont, Virginia and Washington<\/em><\/p>\n<p>&nbsp;<\/p>\n<p><span style=\"color: #e8e8e8;\">| \u00a9Comit\u00e9 National Contre le Tabagisme |<\/span><\/p>\n","protected":false},"excerpt":{"rendered":"<p>In the United States, a new law banning the sale of tobacco products to anyone under the age of 21 is now in effect.<\/p>","protected":false},"featured_media":19521,"template":"","tags":[],"thematique":[491],"class_list":["post-19520","actualites","type-actualites","status-publish","has-post-thumbnail","hentry","thematique-politiques-publiques"],"acf":[],"_links":{"self":[{"href":"https:\/\/www.generationsanstabac.org\/en\/wp-json\/wp\/v2\/actualites\/19520","targetHints":{"allow":["GET"]}}],"collection":[{"href":"https:\/\/www.generationsanstabac.org\/en\/wp-json\/wp\/v2\/actualites"}],"about":[{"href":"https:\/\/www.generationsanstabac.org\/en\/wp-json\/wp\/v2\/types\/actualites"}],"version-history":[{"count":0,"href":"https:\/\/www.generationsanstabac.org\/en\/wp-json\/wp\/v2\/actualites\/19520\/revisions"}],"wp:featuredmedia":[{"embeddable":true,"href":"https:\/\/www.generationsanstabac.org\/en\/wp-json\/wp\/v2\/media\/19521"}],"wp:attachment":[{"href":"https:\/\/www.generationsanstabac.org\/en\/wp-json\/wp\/v2\/media?parent=19520"}],"wp:term":[{"taxonomy":"post_tag","embeddable":true,"href":"https:\/\/www.generationsanstabac.org\/en\/wp-json\/wp\/v2\/tags?post=19520"},{"taxonomy":"thematique","embeddable":true,"href":"https:\/\/www.generationsanstabac.org\/en\/wp-json\/wp\/v2\/thematique?post=19520"}],"curies":[{"name":"wp","href":"https:\/\/api.w.org\/{rel}","templated":true}]}}