{"id":19513,"date":"2020-01-07T09:48:27","date_gmt":"2020-01-07T08:48:27","guid":{"rendered":"https:\/\/www.generationsanstabac.org\/actualites\/le-tabagisme-des-adolescents-en-france-aujourdhui\/"},"modified":"2020-01-07T09:48:27","modified_gmt":"2020-01-07T08:48:27","slug":"le-tabagisme-des-adolescents-en-france-aujourdhui","status":"publish","type":"actualites","link":"https:\/\/www.generationsanstabac.org\/en\/actualites\/le-tabagisme-des-adolescents-en-france-aujourdhui\/","title":{"rendered":"Teenage smoking in France today"},"content":{"rendered":"<p style=\"text-align: justify;\">En 2018, l\u2019Observatoire Fran\u00e7ais des Drogues et des Toxicomanies a publi\u00e9 son enqu\u00eate annuelle sur la consommation de substances psychoactives aupr\u00e8s d\u2019un panel de 20 000 adolescents<a href=\"#_ftn1\" name=\"_ftnref1\">[1]<\/a> depuis la classe de sixi\u00e8me jusqu\u2019\u00e0 la terminale (soit de onze \u00e0 dix-huit ans). Comprendre les \u00e9tapes d\u2019entr\u00e9e dans le tabagisme et la diffusion de ce dernier aupr\u00e8s des jeunes consommateurs permettra de mieux lutter contre cette \u00e9pid\u00e9mie industrielle.<\/p>\n<p style=\"text-align: justify;\"><strong>Le coll\u00e8ge : moment cl\u00e9 de l\u2019initiation au tabac. <\/strong><\/p>\n<p style=\"text-align: justify;\">La consommation de tabac enregistre un recul significatif au coll\u00e8ge mais demeure tr\u00e8s \u00e9lev\u00e9  en comparaison des autres pays europ\u00e9ens. Un coll\u00e9gien sur cinq environ (21,2%) a d\u00e9j\u00e0 exp\u00e9riment\u00e9 le tabac, contre 27,8% en 2014. Une grande partie des ces exp\u00e9rimentations se d\u00e9roule entre les classes de cinqui\u00e8me et quatri\u00e8me,  pour lesquelles le taux de tabagisme passe de 14 \u00e0 26%. En d\u00e9pit d\u2019une consommation souvent irr\u00e9guli\u00e8re, limit\u00e9e \u00e0 un nombre apparemment faible de cigarettes, les m\u00e9canismes de d\u00e9pendance s\u2019installent d\u00e8s cette p\u00e9riode.<\/p>\n<p style=\"text-align: justify;\"><strong>Le lyc\u00e9e : l\u2019installation des usages. <\/strong><\/p>\n<p style=\"text-align: justify;\">Le tabagisme quotidien intervient \u00e0 partir du lyc\u00e9e chez les adolescents. En 2018, 17,5% des lyc\u00e9ens fument au quotidien, tandis que plus de la moiti\u00e9 d\u2019entre eux (53%) ont d\u00e9j\u00e0 exp\u00e9riment\u00e9 le tabac. L\u2019\u00e9tude montre par ailleurs que le tabagisme touche indistinctement les filles et les gar\u00e7ons.<\/p>\n<p style=\"text-align: justify;\">D\u2019autres \u00e9tudes soulignent que les in\u00e9galit\u00e9s sociales interviennent d\u00e8s cet \u00e2ge. Ainsi les jeunes en lyc\u00e9e professionnel ou centre CFA sont sensiblement plus nombreux \u00e0 fumer que les jeunes en lyc\u00e9e g\u00e9n\u00e9ral<a href=\"#_ftn2\" name=\"_ftnref2\">[2]<\/a>.<\/p>\n<p style=\"text-align: justify;\"><strong>Un approvisionnement facilit\u00e9 et une protection parfois d\u00e9faillante<\/strong><\/p>\n<p style=\"text-align: justify;\">Malgr\u00e9 l\u2019interdiction de vente du tabac aux mineurs, 77% des fumeurs quotidiens de cet \u00e9chantillon affirment acheter \u00ab <em>presque toujours<\/em> \u00bb ou \u00ab <em>souvent<\/em> \u00bb leurs cigarettes chez un buraliste. Ces r\u00e9sultats illustrent l\u2019absence d\u2019effectivit\u00e9 de cette mesure d\u2019interdiction de vente aux mineurs par les buralistes. Un autre facteur important est le fait qu\u2019une proportion importante de lyc\u00e9es, notamment professionnels  ne respectent pas l\u2019interdiction de fumer dans l\u2019enceinte de l\u2019\u00e9tablissement. Aujourd\u2019hui en France, l\u2019industrie parvient toujours \u00e0 recruter plus de 200 000 mineurs par an pour remplacer les fumeurs d\u00e9c\u00e9d\u00e9s pr\u00e9matur\u00e9ment du fait de leur tabagisme.<\/p>\n<p style=\"text-align: justify;\"><span style=\"color: #666699;\">\u00a9G\u00e9n\u00e9ration Sans Tabac<\/span><\/p>\n<hr \/>\n<p><strong>Source image :<\/strong><\/p>\n<p><em>Fig.1 : <a href=\"https:\/\/www.franceinter.fr\/justice\/etat-d-urgence-les-jeunes-autorises-a-fumer-au-lycee\">https:\/\/www.franceinter.fr\/justice\/etat-d-urgence-les-jeunes-autorises-a-fumer-au-lycee<\/a><\/em><\/p>\n<p><em><a href=\"#_ftnref1\" name=\"_ftn1\">[1]<\/a> Pour acc\u00e9der \u00e0 l\u2019int\u00e9gralit\u00e9 de l\u2019enqu\u00eate <a href=\"https:\/\/www.ofdt.fr\/BDD\/publications\/docs\/eftxssz6.pdf\">https:\/\/www.ofdt.fr\/BDD\/publications\/docs\/eftxssz6.pdf<\/a><\/em><\/p>\n<p><em><a href=\"#_ftnref2\" name=\"_ftn2\">[2]<\/a> <a href=\"https:\/\/www.ofdt.fr\/BDD\/publications\/docs\/eftxssw9.pdf\">https:\/\/www.ofdt.fr\/BDD\/publications\/docs\/eftxssw9.pdf<\/a><\/em><\/p>\n<p><span style=\"color: #e8e8e8;\">| \u00a9Comit\u00e9 National Contre le Tabagisme |<\/span><\/p>\n","protected":false},"excerpt":{"rendered":"<p>In 2018, the OFDT published its annual survey on the consumption of psychoactive substances among a panel of 20,000 adolescents<\/p>","protected":false},"featured_media":18667,"template":"","tags":[],"thematique":[474],"class_list":["post-19513","actualites","type-actualites","status-publish","has-post-thumbnail","hentry","thematique-sante"],"acf":[],"_links":{"self":[{"href":"https:\/\/www.generationsanstabac.org\/en\/wp-json\/wp\/v2\/actualites\/19513","targetHints":{"allow":["GET"]}}],"collection":[{"href":"https:\/\/www.generationsanstabac.org\/en\/wp-json\/wp\/v2\/actualites"}],"about":[{"href":"https:\/\/www.generationsanstabac.org\/en\/wp-json\/wp\/v2\/types\/actualites"}],"version-history":[{"count":0,"href":"https:\/\/www.generationsanstabac.org\/en\/wp-json\/wp\/v2\/actualites\/19513\/revisions"}],"wp:featuredmedia":[{"embeddable":true,"href":"https:\/\/www.generationsanstabac.org\/en\/wp-json\/wp\/v2\/media\/18667"}],"wp:attachment":[{"href":"https:\/\/www.generationsanstabac.org\/en\/wp-json\/wp\/v2\/media?parent=19513"}],"wp:term":[{"taxonomy":"post_tag","embeddable":true,"href":"https:\/\/www.generationsanstabac.org\/en\/wp-json\/wp\/v2\/tags?post=19513"},{"taxonomy":"thematique","embeddable":true,"href":"https:\/\/www.generationsanstabac.org\/en\/wp-json\/wp\/v2\/thematique?post=19513"}],"curies":[{"name":"wp","href":"https:\/\/api.w.org\/{rel}","templated":true}]}}