{"id":19510,"date":"2020-01-07T09:17:43","date_gmt":"2020-01-07T08:17:43","guid":{"rendered":"https:\/\/www.generationsanstabac.org\/actualites\/la-suisse-est-la-patrie-des-multinationales-du-tabac\/"},"modified":"2020-01-07T09:17:43","modified_gmt":"2020-01-07T08:17:43","slug":"la-suisse-est-la-patrie-des-multinationales-du-tabac","status":"publish","type":"actualites","link":"https:\/\/www.generationsanstabac.org\/en\/actualites\/la-suisse-est-la-patrie-des-multinationales-du-tabac\/","title":{"rendered":"Switzerland is the home of tobacco multinationals"},"content":{"rendered":"<p style=\"text-align: justify;\">La Suisse est l\u2019un des derniers pays du monde \u00e0 ne pas avoir sign\u00e9 la Convention-cadre de l\u2019Organisation Mondiale de la Sant\u00e9 pour la lutte anti-tabac (CCLAT). Pour cause, l\u2019industrie du tabac est singuli\u00e8rement ancr\u00e9e dans le paysage public de ce pays. Philip Morris International (PMI), British American Tobacco (BAT) et Japan Tobacco International (JTI), soit les trois mastodontes de ce secteur, ont implant\u00e9 leur si\u00e8ge social en Suisse, ainsi que des centres de recherche et quelques usines de fabrication. Cet int\u00e9r\u00eat particulier des cigarettiers pour la Conf\u00e9d\u00e9ration s\u2019explique par deux raisons principales.<\/p>\n<ul style=\"text-align: justify;\">\n<li>D\u2019abord, le pays poss\u00e8de une l\u00e9gislation des entreprises beaucoup moins protectrice et donc moins restrictive que l\u2019Union europ\u00e9enne et les Etats-Unis. En 2003, le Conseil f\u00e9d\u00e9ral suisse r\u00e9affirmait sa volont\u00e9 de faire de la Suisse une \u00ab <em>place attractive pour l\u2019industrie du tabac<a href=\"#_ftn1\" name=\"_ftnref1\"><sup><strong>[1]<\/strong><\/sup><\/a><\/em>\u00bb.<\/li>\n<li>La pr\u00e9sence des organisations internationales, le culte du secret bancaire, la tradition lib\u00e9rale et conservatrice sur les questions \u00e9conomiques, et la structure f\u00e9d\u00e9rale de la Suisse o\u00f9 des petites entit\u00e9s politiques, plus facilement influen\u00e7ables (cantons) poss\u00e8dent de larges pouvoirs politiques expliquent \u00e9galement la pr\u00e9sence des cigarettiers en Suisse. C\u2019est notamment ce qu\u2019a montr\u00e9 le rapport Lee-Glantz, qui met en lumi\u00e8re les strat\u00e9gies de l\u2019industrie du tabac pour saper les n\u00e9gociations visant \u00e0 l\u2019instauration de la CCLAT<a href=\"#_ftn2\" name=\"_ftnref2\"><sup>[2]<\/sup><\/a>.<\/li>\n<\/ul>\n<p style=\"text-align: justify;\">L\u2019industrie du tabac b\u00e9n\u00e9ficie par ailleurs de puissants relais au sein de la classe politique, \u00e0 l\u2019instar de l\u2019Union Suisse des Arts et M\u00e9tiers (USAM), de l\u2019Association des milieux Economiques pour une politique de Pr\u00e9vention Mod\u00e9r\u00e9e (APEM), ainsi que de nombreux parlementaires. Ceux-ci, en particulier, sont pr\u00e9cieux pour l\u2019industrie du tabac par leur opposition quasi-syst\u00e9matique aux tentatives de r\u00e9glementation.<\/p>\n<p style=\"text-align: justify;\">Cette indulgence des pouvoirs publics \u00e0 l\u2019\u00e9gard de l\u2019industrie du tabac a des r\u00e9percussions directes. En Suisse, le tabac fait chaque ann\u00e9e 8 600 morts, et repr\u00e9sente un co\u00fbt financier de plus de 10 milliards de francs suisses (incluant les d\u00e9penses de sant\u00e9 et les pertes de productivit\u00e9). Les r\u00e9percussions de l\u2019ing\u00e9rence du tabac en suisse a des effets partout dans le monde : en s\u2019opposant \u00e0 la CCLAT, les cigarettiers s\u2019opposent \u00e0 la mise en place de mesures qui ont sauv\u00e9 des dizaines de millions de vies<a href=\"#_ftn3\" name=\"_ftnref3\"><sup>[3]<\/sup><\/a>.<\/p>\n<p style=\"text-align: justify;\"><span style=\"color: #666699;\">\u00a9G\u00e9n\u00e9ration Sans Tabac<\/span><\/p>\n<hr \/>\n<p><em><a href=\"#_ftnref1\" name=\"_ftn1\"><sup>[1]<\/sup><\/a> <a href=\"https:\/\/www.youtube.com\/watch?v=Rco-BDgJWww\">https:\/\/www.youtube.com\/watch?v=Rco-BDgJWww<\/a><\/em><\/p>\n<p><em><a href=\"#_ftnref2\" name=\"_ftn2\"><sup>[2]<\/sup><\/a> Chang Yol Lee, Stanton A. Glantz, \u201cThe tobacco industry\u2019s successful efforts to control policy making in Switzerland\u201d, Center for Tobacco Control Research and Education, 2001<\/em><\/p>\n<p><em><a href=\"#_ftnref3\" name=\"_ftn3\"><sup>[3]<\/sup><\/a> <a href=\"https:\/\/apps.who.int\/iris\/bitstream\/handle\/10665\/326043\/9789241516204-eng.pdf\">https:\/\/apps.who.int\/iris\/bitstream\/handle\/10665\/326043\/9789241516204-eng.pdf<\/a><\/em><\/p>\n<p><span style=\"color: #e8e8e8;\">| \u00a9Comit\u00e9 National Contre le Tabagisme |<\/span><\/p>\n","protected":false},"excerpt":{"rendered":"<p>Switzerland is one of the last countries in the world not to have signed the World Health Organization&#039;s Framework Convention on Tobacco Control.<\/p>","protected":false},"featured_media":19511,"template":"","tags":[],"thematique":[499],"class_list":["post-19510","actualites","type-actualites","status-publish","has-post-thumbnail","hentry","thematique-lobby"],"acf":[],"_links":{"self":[{"href":"https:\/\/www.generationsanstabac.org\/en\/wp-json\/wp\/v2\/actualites\/19510","targetHints":{"allow":["GET"]}}],"collection":[{"href":"https:\/\/www.generationsanstabac.org\/en\/wp-json\/wp\/v2\/actualites"}],"about":[{"href":"https:\/\/www.generationsanstabac.org\/en\/wp-json\/wp\/v2\/types\/actualites"}],"version-history":[{"count":0,"href":"https:\/\/www.generationsanstabac.org\/en\/wp-json\/wp\/v2\/actualites\/19510\/revisions"}],"wp:featuredmedia":[{"embeddable":true,"href":"https:\/\/www.generationsanstabac.org\/en\/wp-json\/wp\/v2\/media\/19511"}],"wp:attachment":[{"href":"https:\/\/www.generationsanstabac.org\/en\/wp-json\/wp\/v2\/media?parent=19510"}],"wp:term":[{"taxonomy":"post_tag","embeddable":true,"href":"https:\/\/www.generationsanstabac.org\/en\/wp-json\/wp\/v2\/tags?post=19510"},{"taxonomy":"thematique","embeddable":true,"href":"https:\/\/www.generationsanstabac.org\/en\/wp-json\/wp\/v2\/thematique?post=19510"}],"curies":[{"name":"wp","href":"https:\/\/api.w.org\/{rel}","templated":true}]}}