{"id":19483,"date":"2019-12-30T11:59:03","date_gmt":"2019-12-30T10:59:03","guid":{"rendered":"https:\/\/www.generationsanstabac.org\/actualites\/le-tabagisme-est-une-epidemie-industrielle\/"},"modified":"2019-12-30T11:59:03","modified_gmt":"2019-12-30T10:59:03","slug":"le-tabagisme-est-une-epidemie-industrielle","status":"publish","type":"actualites","link":"https:\/\/www.generationsanstabac.org\/en\/actualites\/le-tabagisme-est-une-epidemie-industrielle\/","title":{"rendered":"Smoking is an industrial epidemic"},"content":{"rendered":"<p style=\"text-align: justify;\">La notion d\u2019\u00e9pid\u00e9mie industrielle a \u00e9t\u00e9 forg\u00e9e par l\u2019\u00e9conomiste B\u00e9atrice Majnoni d\u2019Intignano en r\u00e9f\u00e9rence tout sp\u00e9cialement au tabac. Celle-ci d\u00e9finit en effet une \u00e9pid\u00e9mie industrielle par le fait que les <em>\u00ab affections et la mortalit\u00e9 sont le r\u00e9sultat direct de la consommation de produits industriels \u00e0 risques, consommation li\u00e9e \u00e0 des modes de vie entretenus par une industrie<a href=\"#_ftn1\" name=\"_ftnref1\"><strong>[1]<\/strong><\/a>\u00bb. <\/em><\/p>\n<p style=\"text-align: justify;\">De fait, si le tabac existe depuis plusieurs si\u00e8cles, l\u2019\u00e9pid\u00e9mie tabagique s\u2019est d\u00e9velopp\u00e9e avec l\u2019apparition d\u2019une industrie extr\u00eamement puissante \u00e0 la fin du XIX\u00e8me si\u00e8cle. Cette derni\u00e8re a largement diffus\u00e9 ses produits par une fabrication de masse, l\u2019invention des strat\u00e9gies marketing et de relations publiques. Le tabagisme f\u00e9minin en constitue le r\u00e9sultat direct de m\u00eame que le d\u00e9veloppement fulgurant de la consommation de tabac dans de nombreux pays jusqu\u2019alors pr\u00e9serv\u00e9s.<\/p>\n<p style=\"text-align: justify;\"><img fetchpriority=\"high\" decoding=\"async\" class=\"size-full wp-image-945 aligncenter\" src=\"https:\/\/www.generationsanstabac.org\/wp-content\/uploads\/2024\/07\/BD-dargaud.jpg\" alt=\"tabagisme-epidemie-industrielle-dargaud-dossier-sans-filtre\" width=\"559\" height=\"771\" \/><\/p>\n<p style=\"text-align: justify;\">L\u2019ancienne Directrice G\u00e9n\u00e9rale de la Sant\u00e9 de l\u2019OMS, le Dr Gro Harlem Bruntland, \u00e0 l\u2019origine de la n\u00e9gociation du trait\u00e9 de la Convention Cadre pour la Lutte Antitabac, r\u00e9sumait ainsi la situation <em>: \u00ab La consommation de tabac ne ressemble pas \u00e0 d\u2019autres menaces sur la sant\u00e9 mondiale. Les maladies infectieuses n\u2019emploient pas des soci\u00e9t\u00e9s multinationales de relations publiques. Il n\u2019existe pas de groupes de fa\u00e7ade pour promouvoir la propagation du chol\u00e9ra. Les moustiques n\u2019ont pas de lobbystes \u00e0 leur service <a href=\"#_ftn2\" name=\"_ftnref2\"><strong>[2]<\/strong><\/a>. \u00bb<\/em> Et d\u2019ajouter <em>\u00ab Le tabagisme est une maladie contagieuse dont lecteur de diffusion est la publicit\u00e9 \u00bb. <\/em><\/p>\n<p style=\"text-align: justify;\">Dans cette perspective, tous les pays ne sont pas au m\u00eame stade de d\u00e9veloppement de l\u2019\u00e9pid\u00e9mie.<\/p>\n<p style=\"text-align: justify;\">L\u2019industrie du tabac consid\u00e8re son activit\u00e9 comme celle d\u2019une guerre \u00e0 mener pour laquelle seule compte l\u2019issue lui permettant de maintenir et d\u00e9velopper ses marges b\u00e9n\u00e9ficiaires. Dans cette perspective, une application d\u00e9termin\u00e9e de l\u2019ensemble des mesures efficaces pour r\u00e9duire la consommation de tabac appara\u00eet essentielle pour contrer le d\u00e9veloppement de cette \u00e9pid\u00e9mie dans de nombreux pays et acc\u00e9l\u00e9rer la baisse de la consommation dans les autres.<\/p>\n<p><span style=\"color: #333399;\">\u00a9G\u00e9n\u00e9ration Sans Tabac<\/span><\/p>\n<hr \/>\n<p><em><strong>Pour en savoir plus :<\/strong> <a href=\"https:\/\/www.pseudo-sciences.org\/Tabac-et-cigarette-electronique-Le-tabagisme-une-epidemie-industrielle\">https:\/\/www.pseudo-sciences.org\/Tabac-et-cigarette-electronique-Le-tabagisme-une-epidemie-industrielle<\/a><\/em><\/p>\n<p><em>https:\/\/www.dargaud.com\/bd\/Cigarettes<\/em><\/p>\n<p><em><a href=\"#_ftnref1\" name=\"_ftn1\">[1]<\/a> B\u00e9atrice Majnoni d\u2019Intignano Les \u00e9pid\u00e9mies industrielles, Sant\u00e9 et Economie en Europe, PUF, 2016<\/em><\/p>\n<p><em><a href=\"#_ftnref2\" name=\"_ftn2\">[2]<\/a> <a href=\"https:\/\/www.who.int\/tobacco\/media\/en\/unreportI.pdf\">https:\/\/www.who.int\/tobacco\/media\/en\/unreportI.pdf<\/a><\/em><\/p>\n<p><span style=\"color: #e8e8e8;\"> \u00a9Comit\u00e9 National Contre le Tabagisme |<\/span><\/p>\n","protected":false},"excerpt":{"rendered":"<p>La notion d\u2019\u00e9pid\u00e9mie industrielle a \u00e9t\u00e9 forg\u00e9e par l\u2019\u00e9conomiste B\u00e9atrice Majnoni d\u2019Intignano en r\u00e9f\u00e9rence tout sp\u00e9cialement au tabac. Celle-ci d\u00e9finit en effet une \u00e9pid\u00e9mie industrielle par le fait que les \u00ab affections et la mortalit\u00e9 sont le r\u00e9sultat direct de la consommation de produits industriels \u00e0 risques, consommation li\u00e9e \u00e0 des modes de vie entretenus [&hellip;]<\/p>\n","protected":false},"featured_media":9646,"template":"","tags":[],"thematique":[499,474],"class_list":["post-19483","actualites","type-actualites","status-publish","has-post-thumbnail","hentry","thematique-lobby","thematique-sante"],"acf":[],"_links":{"self":[{"href":"https:\/\/www.generationsanstabac.org\/en\/wp-json\/wp\/v2\/actualites\/19483","targetHints":{"allow":["GET"]}}],"collection":[{"href":"https:\/\/www.generationsanstabac.org\/en\/wp-json\/wp\/v2\/actualites"}],"about":[{"href":"https:\/\/www.generationsanstabac.org\/en\/wp-json\/wp\/v2\/types\/actualites"}],"version-history":[{"count":0,"href":"https:\/\/www.generationsanstabac.org\/en\/wp-json\/wp\/v2\/actualites\/19483\/revisions"}],"wp:featuredmedia":[{"embeddable":true,"href":"https:\/\/www.generationsanstabac.org\/en\/wp-json\/wp\/v2\/media\/9646"}],"wp:attachment":[{"href":"https:\/\/www.generationsanstabac.org\/en\/wp-json\/wp\/v2\/media?parent=19483"}],"wp:term":[{"taxonomy":"post_tag","embeddable":true,"href":"https:\/\/www.generationsanstabac.org\/en\/wp-json\/wp\/v2\/tags?post=19483"},{"taxonomy":"thematique","embeddable":true,"href":"https:\/\/www.generationsanstabac.org\/en\/wp-json\/wp\/v2\/thematique?post=19483"}],"curies":[{"name":"wp","href":"https:\/\/api.w.org\/{rel}","templated":true}]}}