{"id":19479,"date":"2019-12-27T15:48:43","date_gmt":"2019-12-27T14:48:43","guid":{"rendered":"https:\/\/www.generationsanstabac.org\/actualites\/lassociation-entre-le-tabagisme-et-la-tuberculose-pulmonaire\/"},"modified":"2019-12-27T15:48:43","modified_gmt":"2019-12-27T14:48:43","slug":"lassociation-entre-le-tabagisme-et-la-tuberculose-pulmonaire","status":"publish","type":"actualites","link":"https:\/\/www.generationsanstabac.org\/en\/actualites\/lassociation-entre-le-tabagisme-et-la-tuberculose-pulmonaire\/","title":{"rendered":"The association between smoking and pulmonary tuberculosis"},"content":{"rendered":"<p style=\"text-align: justify;\">La consommation de tabac est la premi\u00e8re cause \u00e9vitable de maladies non transmissibles comme les cancers, les maladies cardio-vasculaires et les maladies respiratoires. Toutefois, celle-ci est aussi un facteur de risque important de d\u00e9c\u00e8s dus \u00e0 des maladies transmissibles (infectieuses).<\/p>\n<p style=\"text-align: justify;\"><strong><a href=\"https:\/\/www.who.int\/docs\/default-source\/world-no-tobacco-day\/6188-whontd19-brochure-fr-meo20190522.pdf?sfvrsn=deac371c_22\">Selon l&rsquo;OMS<\/a>, dans le monde, environ un quart des personnes est infect\u00e9 par le bacille de Koch responsable de la tuberculose.<\/strong><\/p>\n<p style=\"text-align: justify;\">Ce bacille peut rester \u00e0 l&rsquo;\u00e9tat latent (ou dormant), ou se multiplier et se traduire par une maladie, la tuberculose. La consommation de tabac favorise ce passage de l\u2019\u00e9tat latent \u00e0 la tuberculose maladie et 26 % des d\u00e9c\u00e8s dus \u00e0 la tuberculose sont imputables au tabac.<\/p>\n<p style=\"text-align: justify;\">La tuberculose est la premi\u00e8re cause de d\u00e9c\u00e8s par un agent infectieux dans le monde et est la 6\u00e8me cause de d\u00e9c\u00e8s dans le monde, ayant tu\u00e9 1,8 million de personnes en 2015<a href=\"#_ftn1\" name=\"_ftnref1\">[1]<\/a>. L\u2019incidence de la tuberculose pourrait diminuer de 20%<a href=\"#_ftn2\" name=\"_ftnref2\">[2]<\/a>&#8211;<a href=\"#_ftn3\" name=\"_ftnref3\">[3]<\/a> si l\u2019\u00e9pid\u00e9mie tabagique \u00e9tait trait\u00e9e.<\/p>\n<p style=\"text-align: justify;\">De nombreuses \u00e9tudes<a href=\"#_ftn4\" name=\"_ftnref4\">[4]<\/a>&#8211;<a href=\"#_ftn5\" name=\"_ftnref5\">[5]<\/a> montrent que les expositions active et passive \u00e0 la fum\u00e9e de tabac sont associ\u00e9es \u00e0 la survenue d\u2019une infection tuberculeuse et \u00e0 la transition d&rsquo;une infection latente \u00e0 la maladie tuberculaire. Le tabagisme affecte les manifestations cliniques de la tuberculose. Enfin, le tabagisme a \u00e9t\u00e9 associ\u00e9 \u00e0 la fois \u00e0 la rechute de la tuberculose et \u00e0 sa mortalit\u00e9. Au total, le tabagisme est associ\u00e9 de mani\u00e8re causale \u00e0 la survenue de la tuberculose, \u00e0 l\u2019augmentation de sa transmission inter-humaine et \u00e0 sa s\u00e9v\u00e9rit\u00e9. Tous les patients fumeurs atteints de tuberculose devraient recevoir une aide \u00e0 la motivation et une assistance pour arr\u00eater de fumer.<\/p>\n<p><span style=\"color: #666699;\">\u00a9G\u00e9n\u00e9ration Sans Tabac<\/span><\/p>\n<hr \/>\n<p><em><a href=\"#_ftnref1\" name=\"_ftn1\">[1]<\/a> Global tuberculosis report 2018. Geneva: World Health Organization; 2018. Licence: CC BY-NC-SA 3.0 IGO.<\/em><\/p>\n<p><em><a href=\"#_ftnref2\" name=\"_ftn2\">[2]<\/a> Tuberculosis [fact sheet]. Geneva: World Health Organization; 2018 (https:\/\/www.who.int\/news-room\/ fact-sheets\/detail\/tuberculosis<\/em><\/p>\n<p><em><a href=\"#_ftnref3\" name=\"_ftn3\">[3]<\/a> L\u00f6nnroth K, Raviglione M. Global epidemiology of tuberculosis: prospects for control. Semin Respir Crit Care Med. 2008;29:481-91<\/em><\/p>\n<p><em><a href=\"#_ftnref4\" name=\"_ftn4\">[4]<\/a> Lowe CR. An association between smoking and respiratory tuberculosis. Br Med J 1956;2:1081-6. <a href=\"http:\/\/www.ncbi.nlm.nih.gov\/pubmed\/13364390\">[Medline]<\/a><\/em><\/p>\n<p><em><a href=\"#_ftnref5\" name=\"_ftn5\">[5]<\/a> Bates MN, Khalakdina A, Pai M, et al. Risk of tuberculosis from exposure to tobacco smoke : A systematic review and meta-analysis. Arch Intern Med 2007;167:335-42. <\/em><a href=\"http:\/\/www.ncbi.nlm.nih.gov\/pubmed\/17325294\"><em>[Medline]<\/em><\/a><\/p>\n<p><span style=\"color: #e8e8e8;\"> \u00a9Comit\u00e9 National Contre le Tabagisme |<\/span><\/p>\n","protected":false},"excerpt":{"rendered":"<p>La consommation de tabac est la premi\u00e8re cause \u00e9vitable de maladies non transmissibles comme les cancers, les maladies cardio-vasculaires et les maladies respiratoires. Toutefois, celle-ci est aussi un facteur de risque important de d\u00e9c\u00e8s dus \u00e0 des maladies transmissibles (infectieuses). Selon l&rsquo;OMS, dans le monde, environ un quart des personnes est infect\u00e9 par le bacille [&hellip;]<\/p>\n","protected":false},"featured_media":19480,"template":"","tags":[],"thematique":[474],"class_list":["post-19479","actualites","type-actualites","status-publish","has-post-thumbnail","hentry","thematique-sante"],"acf":[],"_links":{"self":[{"href":"https:\/\/www.generationsanstabac.org\/en\/wp-json\/wp\/v2\/actualites\/19479","targetHints":{"allow":["GET"]}}],"collection":[{"href":"https:\/\/www.generationsanstabac.org\/en\/wp-json\/wp\/v2\/actualites"}],"about":[{"href":"https:\/\/www.generationsanstabac.org\/en\/wp-json\/wp\/v2\/types\/actualites"}],"version-history":[{"count":0,"href":"https:\/\/www.generationsanstabac.org\/en\/wp-json\/wp\/v2\/actualites\/19479\/revisions"}],"wp:featuredmedia":[{"embeddable":true,"href":"https:\/\/www.generationsanstabac.org\/en\/wp-json\/wp\/v2\/media\/19480"}],"wp:attachment":[{"href":"https:\/\/www.generationsanstabac.org\/en\/wp-json\/wp\/v2\/media?parent=19479"}],"wp:term":[{"taxonomy":"post_tag","embeddable":true,"href":"https:\/\/www.generationsanstabac.org\/en\/wp-json\/wp\/v2\/tags?post=19479"},{"taxonomy":"thematique","embeddable":true,"href":"https:\/\/www.generationsanstabac.org\/en\/wp-json\/wp\/v2\/thematique?post=19479"}],"curies":[{"name":"wp","href":"https:\/\/api.w.org\/{rel}","templated":true}]}}