{"id":19468,"date":"2019-12-27T13:30:24","date_gmt":"2019-12-27T12:30:24","guid":{"rendered":"https:\/\/www.generationsanstabac.org\/actualites\/tabagisme-passif-des-risques-sous-estimes-par-les-parents\/"},"modified":"2019-12-27T13:30:24","modified_gmt":"2019-12-27T12:30:24","slug":"tabagisme-passif-des-risques-sous-estimes-par-les-parents","status":"publish","type":"actualites","link":"https:\/\/www.generationsanstabac.org\/en\/actualites\/tabagisme-passif-des-risques-sous-estimes-par-les-parents\/","title":{"rendered":"Passive smoking: risks underestimated by parents"},"content":{"rendered":"<p style=\"text-align: justify;\">Les risques li\u00e9s au tabagisme passif sont encore mal connus. L\u2019INPES rappelle que \u00ab les risques li\u00e9s au tabagisme passif restent largement sous-estim\u00e9s : les non-fumeurs sont seulement 15% \u00e0 craindre, pour eux-m\u00eames, les maladies li\u00e9es au tabac \u00bb<a href=\"#_ftn1\" name=\"_ftnref1\"><sup>[1]<\/sup><\/a>. Ce manque de connaissance peut engendrer la sous-estimation de l\u2019exposition des enfants \u00e0 la fum\u00e9e de tabac<a href=\"#_ftn2\" name=\"_ftnref2\"><sup>[2]<\/sup><\/a>.<\/p>\n<p style=\"text-align: justify;\">Pour certains parents, l\u2019exposition \u00e0 la fum\u00e9e de tabac n\u2019est per\u00e7ue que lorsqu\u2019elle peut \u00eatre vue ou sentie<a href=\"#_ftn3\" name=\"_ftnref3\"><sup>[3]<\/sup><\/a>. Les fumeurs ont notamment plus de difficult\u00e9s \u00e0 percevoir la pr\u00e9sence de l\u2019odeur de cigarette \u00e0 cause de capacit\u00e9s olfactives r\u00e9duites. Globalement, les capacit\u00e9s sensorielles des fumeurs, moins efficaces que celles des non-fumeurs, les conduisent \u00e0 percevoir l\u2019exposition des enfants au tabac avec moins d\u2019acuit\u00e9. Cette moindre perception de la part des fumeurs peut \u00e9galement \u00eatre li\u00e9e \u00e0 la volont\u00e9 de pr\u00e9server l\u2019estime de soi dans un contexte de dissonance cognitive (\u00eatre fumeur vs prot\u00e9ger ses enfants).<\/p>\n<p style=\"text-align: justify;\">La question des connaissances qu\u2019ont les fumeurs des risques du tabagisme passif est primordiale pour la r\u00e9duction de l\u2019exposition des enfants. En effet, ces derniers sont largement d\u00e9pendants de la perception qu\u2019ont leurs parents des dangers que repr\u00e9sente l\u2019exposition \u00e0 la fum\u00e9e de tabac<a href=\"#_ftn4\" name=\"_ftnref4\"><sup>[4]<\/sup><\/a>.<\/p>\n<p><span style=\"color: #666699;\">\u00a9G\u00e9n\u00e9ration Sans Tabac<\/span><\/p>\n<hr \/>\n<p><em><a href=\"#_ftnref1\" name=\"_ftn1\">[1]<\/a> <a href=\"http:\/\/inpes.santepubliquefrance.fr\/CFESBases\/catalogue\/pdf\/434.pdf\">http:\/\/inpes.santepubliquefrance.fr\/CFESBases\/catalogue\/pdf\/434.pdf<\/a><\/em><\/p>\n<p><em><a href=\"#_ftnref2\" name=\"_ftn2\">[2]<\/a> Borrelli B, McQuaid EL, Wagener TL, Hammond SK. Children with asthma versus healthy children: differences in secondhand smoke exposure and caregiver perceived risk. Nicotine Tob Res. 2014;16(5):554\u201361.<\/em><\/p>\n<p><em><a href=\"#_ftnref3\" name=\"_ftn3\">[3]<\/a> Myers, Vicki, Shoshana Shiloh, et Laura Rosen. \u00ab Parental Perceptions of Children\u2019s Exposure to Tobacco Smoke: Development and Validation of a New Measure \u00bb. BMC Public Health 18, n<sup>o<\/sup> 1 (d\u00e9cembre 2018): 1031. https:\/\/doi.org\/10.1186\/s12889-018-5928-1.<\/em><\/p>\n<p><em><a href=\"#_ftnref4\" name=\"_ftn4\">[4]<\/a> Myers, Vicki, Shoshana Shiloh, et Laura Rosen. \u00ab Parental Perceptions of Children\u2019s Exposure to Tobacco Smoke: Development and Validation of a New Measure \u00bb. BMC Public Health 18, n<sup>o<\/sup> 1 (d\u00e9cembre 2018): 1031. <a href=\"https:\/\/doi.org\/10.1186\/s12889-018-5928-1\">https:\/\/doi.org\/10.1186\/s12889-018-5928-1<\/a>. <\/em><\/p>\n<p><span style=\"color: #e8e8e8;\">|| \u00a9DNF Pour un monde Z\u00e9ro Tabac <\/span><\/p>\n","protected":false},"excerpt":{"rendered":"<p>Les risques li\u00e9s au tabagisme passif sont encore mal connus. L\u2019INPES rappelle que \u00ab les risques li\u00e9s au tabagisme passif restent largement sous-estim\u00e9s : les non-fumeurs sont seulement 15% \u00e0 craindre, pour eux-m\u00eames, les maladies li\u00e9es au tabac \u00bb[1]. Ce manque de connaissance peut engendrer la sous-estimation de l\u2019exposition des enfants \u00e0 la fum\u00e9e de [&hellip;]<\/p>\n","protected":false},"featured_media":19469,"template":"","tags":[],"thematique":[474],"class_list":["post-19468","actualites","type-actualites","status-publish","has-post-thumbnail","hentry","thematique-sante"],"acf":[],"_links":{"self":[{"href":"https:\/\/www.generationsanstabac.org\/en\/wp-json\/wp\/v2\/actualites\/19468","targetHints":{"allow":["GET"]}}],"collection":[{"href":"https:\/\/www.generationsanstabac.org\/en\/wp-json\/wp\/v2\/actualites"}],"about":[{"href":"https:\/\/www.generationsanstabac.org\/en\/wp-json\/wp\/v2\/types\/actualites"}],"version-history":[{"count":0,"href":"https:\/\/www.generationsanstabac.org\/en\/wp-json\/wp\/v2\/actualites\/19468\/revisions"}],"wp:featuredmedia":[{"embeddable":true,"href":"https:\/\/www.generationsanstabac.org\/en\/wp-json\/wp\/v2\/media\/19469"}],"wp:attachment":[{"href":"https:\/\/www.generationsanstabac.org\/en\/wp-json\/wp\/v2\/media?parent=19468"}],"wp:term":[{"taxonomy":"post_tag","embeddable":true,"href":"https:\/\/www.generationsanstabac.org\/en\/wp-json\/wp\/v2\/tags?post=19468"},{"taxonomy":"thematique","embeddable":true,"href":"https:\/\/www.generationsanstabac.org\/en\/wp-json\/wp\/v2\/thematique?post=19468"}],"curies":[{"name":"wp","href":"https:\/\/api.w.org\/{rel}","templated":true}]}}