{"id":19466,"date":"2019-12-27T13:26:49","date_gmt":"2019-12-27T12:26:49","guid":{"rendered":"https:\/\/www.generationsanstabac.org\/actualites\/mesures-pour-encourager-le-sevrage-tabagique-en-detention\/"},"modified":"2019-12-27T13:26:49","modified_gmt":"2019-12-27T12:26:49","slug":"mesures-pour-encourager-le-sevrage-tabagique-en-detention","status":"publish","type":"actualites","link":"https:\/\/www.generationsanstabac.org\/en\/actualites\/mesures-pour-encourager-le-sevrage-tabagique-en-detention\/","title":{"rendered":"Measures to encourage smoking cessation in detention"},"content":{"rendered":"<p style=\"text-align: justify;\">L\u2019incarc\u00e9ration constitue parfois le premier contact entre un d\u00e9tenu et les services de sant\u00e9. La prison peut constituer une opportunit\u00e9 de rencontrer des professionnels du tabac et d\u2019engager une d\u00e9marche de sevrage tabagique ou du moins de r\u00e9duction des risques pour un individu en d\u00e9tention<a href=\"#_ftn1\" name=\"_ftnref1\">[1]<\/a>.<\/p>\n<p style=\"text-align: justify;\">La loi du 18 janvier 1994 relative \u00e0 la sant\u00e9 publique et \u00e0 la protection sociale affirme que la qualit\u00e9 de soin en prison doit \u00eatre \u00e9quivalente \u00e0 celle de la population g\u00e9n\u00e9rale : c\u2019est le principe d\u2019\u00e9quivalence. Au d\u00e9but de son incarc\u00e9ration, il est propos\u00e9 au d\u00e9tenu un bilan de sant\u00e9 li\u00e9 \u00e0 sa consommation de produits addictifs, dont le tabac (loi de modernisation du syst\u00e8me de sant\u00e9 du 26 janvier 2016 articles 41 et 44).<\/p>\n<p style=\"text-align: justify;\">Dans le milieu p\u00e9nitentiaire, la promotion de la sant\u00e9 passe par une approche centr\u00e9e sur les d\u00e9terminants de sant\u00e9 de la personne et des variables comportementales. Ces d\u00e9terminants recouvrent l\u2019environnement de l\u2019individu en d\u00e9tention (possibilit\u00e9 d\u2019\u00eatre affect\u00e9 \u00e0 une cellule non-fumeur), les conditions de vie (promotion du sport et lutte contre l\u2019oisivet\u00e9), la r\u00e9duction des risques (promotion de l\u2019e-cigarette)<a href=\"#_ftn2\" name=\"_ftnref2\">[2]<\/a>.<\/p>\n<p style=\"text-align: justify;\">La promotion de la sant\u00e9 publique vise plut\u00f4t la r\u00e9duction des risques que le sevrage qui est d\u00e9conseill\u00e9 dans l\u2019imm\u00e9diat, et ce en raison des fortes pressions psychologiques subies par les d\u00e9tenus. Dans cette optique, la cigarette \u00e9lectronique constitue un outil de r\u00e9duction des risques. Depuis 2014, les d\u00e9tenus ont un droit d\u2019acc\u00e8s \u00e0 la cigarette \u00e9lectronique qui peut \u00eatre cantin\u00e9e<a href=\"#_ftn3\" name=\"_ftnref3\">[3]<\/a>.<\/p>\n<p style=\"text-align: justify;\">Toutefois, ces dispositifs de sant\u00e9 publique sont encore insuffisamment et in\u00e9galement d\u00e9velopp\u00e9s. En 2016, 81% de la population masculine d\u00e9tenue en prison fume <strong>(Lire l<\/strong><strong>es contradictions de la lutte contre le tabagisme en milieu carc\u00e9ral)<\/strong>. La majorit\u00e9 des d\u00e9tenus provient de cat\u00e9gories sociales d\u00e9favoris\u00e9es et n\u2019a pas b\u00e9n\u00e9fici\u00e9 de prise en charge de sant\u00e9 solide avant son incarc\u00e9ration.<\/p>\n<p><span style=\"color: #666699;\">\u00a9G\u00e9n\u00e9ration Sans Tabac<\/span><\/p>\n<hr \/>\n<p><em><a href=\"#_ftnref1\" name=\"_ftn1\">[1]<\/a> Bracquart et al., Peut-on r\u00e9duire la consommation de tabac en milieu carc\u00e9ral ? Enjeux, limites et strat\u00e9gies op\u00e9rationnelles, Module interprofessionnel de sant\u00e9 publique, 2016<\/em><\/p>\n<p><em><a href=\"#_ftnref2\" name=\"_ftn2\">[2]<\/a> BARBIER C., MAUILLON D., \u00abPrescription des traitements de substitutionnicotiniques en milieu carc\u00e9ral\u00bb, Lettre du RESPADD, janvier 2016<\/em><\/p>\n<p><em><a href=\"#_ftnref3\" name=\"_ftn3\">[3]<\/a> Note DAP du 11 ao\u00fbt 2014 sur l\u2019utilisation de la cigarette \u00e9lectronique dans les \u00e9tablissements et services p\u00e9nitentiaires<\/em><\/p>\n<p><span style=\"color: #e8e8e8;\">|| \u00a9DNF Pour un monde Z\u00e9ro Tabac <\/span><\/p>\n","protected":false},"excerpt":{"rendered":"<p>L\u2019incarc\u00e9ration constitue parfois le premier contact entre un d\u00e9tenu et les services de sant\u00e9. La prison peut constituer une opportunit\u00e9 de rencontrer des professionnels du tabac et d\u2019engager une d\u00e9marche de sevrage tabagique ou du moins de r\u00e9duction des risques pour un individu en d\u00e9tention[1]. La loi du 18 janvier 1994 relative \u00e0 la sant\u00e9 [&hellip;]<\/p>\n","protected":false},"featured_media":19459,"template":"","tags":[],"thematique":[474],"class_list":["post-19466","actualites","type-actualites","status-publish","has-post-thumbnail","hentry","thematique-sante"],"acf":[],"_links":{"self":[{"href":"https:\/\/www.generationsanstabac.org\/en\/wp-json\/wp\/v2\/actualites\/19466","targetHints":{"allow":["GET"]}}],"collection":[{"href":"https:\/\/www.generationsanstabac.org\/en\/wp-json\/wp\/v2\/actualites"}],"about":[{"href":"https:\/\/www.generationsanstabac.org\/en\/wp-json\/wp\/v2\/types\/actualites"}],"version-history":[{"count":0,"href":"https:\/\/www.generationsanstabac.org\/en\/wp-json\/wp\/v2\/actualites\/19466\/revisions"}],"wp:featuredmedia":[{"embeddable":true,"href":"https:\/\/www.generationsanstabac.org\/en\/wp-json\/wp\/v2\/media\/19459"}],"wp:attachment":[{"href":"https:\/\/www.generationsanstabac.org\/en\/wp-json\/wp\/v2\/media?parent=19466"}],"wp:term":[{"taxonomy":"post_tag","embeddable":true,"href":"https:\/\/www.generationsanstabac.org\/en\/wp-json\/wp\/v2\/tags?post=19466"},{"taxonomy":"thematique","embeddable":true,"href":"https:\/\/www.generationsanstabac.org\/en\/wp-json\/wp\/v2\/thematique?post=19466"}],"curies":[{"name":"wp","href":"https:\/\/api.w.org\/{rel}","templated":true}]}}