{"id":19465,"date":"2019-12-27T13:24:38","date_gmt":"2019-12-27T12:24:38","guid":{"rendered":"https:\/\/www.generationsanstabac.org\/actualites\/les-succes-de-afrique-du-sud-pour-la-lutte-antitabac\/"},"modified":"2019-12-27T13:24:38","modified_gmt":"2019-12-27T12:24:38","slug":"les-succes-de-afrique-du-sud-pour-la-lutte-antitabac","status":"publish","type":"actualites","link":"https:\/\/www.generationsanstabac.org\/en\/actualites\/les-succes-de-afrique-du-sud-pour-la-lutte-antitabac\/","title":{"rendered":"South Africa&#039;s tobacco control successes"},"content":{"rendered":"<p style=\"text-align: justify;\">Les politiques de contr\u00f4le du tabac en Afrique du Sud ont permis la diminution significative du tabagisme dans le pays<a href=\"#_ftn1\" name=\"_ftnref1\"><sup>[1]<\/sup><\/a>. La pr\u00e9valence tabagique dans le pays passe ainsi de 33 \u00e0 20% entre 1993 et 2010. Pourtant, l\u2019Afrique du Sud constituait le principal march\u00e9 du continent pour la consommation de cigarettes au d\u00e9but des ann\u00e9es 1990.<\/p>\n<p style=\"text-align: justify;\">C\u2019est gr\u00e2ce \u00e0 un ensemble de mesures prises durant les d\u00e9cennies suivantes que le tabagisme a \u00e9t\u00e9 significativement r\u00e9duit. Ces mesures se structurent autour de quatre axes : l\u2019extension progressive de l\u2019interdiction de fumer, la r\u00e9gulation du marketing du tabac, la mise en place d\u2019avertissements sur les paquets et enfin une politique de taxation des produits du tabac<a href=\"#_ftn2\" name=\"_ftnref2\"><sup>[2]<\/sup><\/a>. Ces mesures r\u00e9pondent aux diff\u00e9rents piliers de la convention-cadre pour la lutte antitabac de l\u2019Organisation Mondiale de la Sant\u00e9 dont l\u2019Afrique du Sud est signataire.<\/p>\n<p style=\"text-align: justify;\">En cela, l\u2019Afrique du Sud constitue un pionnier de la lutte contre le tabac sur le continent. Dans la plupart des autres pays africains, l\u2019industrie du tabac s\u2019\u00e9panouit sur le continent \u00e0 cause d\u2019un encadrement l\u00e9gal faible des produits du tabac et de politiques de taxation insuffisantes<a href=\"#_ftn3\" name=\"_ftnref3\"><sup>[3]<\/sup><\/a>. Malgr\u00e9 l\u2019efficacit\u00e9 des politiques publiques de lutte contre le tabac d\u00e9ploy\u00e9es par l\u2019Afrique du Sud, ces derni\u00e8res sont toutefois moins restrictives que la plupart des mesures en place dans les pays du Nord.<\/p>\n<p style=\"text-align: justify;\"><span style=\"color: #666699;\">\u00a9G\u00e9n\u00e9ration Sans Tabac<\/span><\/p>\n<hr \/>\n<p><em><a href=\"#_ftnref1\" name=\"_ftn1\">[1]<\/a> A study on trends in the supply and demand of cigarettes by the University of Cape Town\u2019s Economics of Tobacco Control Project (ETCP).<\/em><\/p>\n<p><em><a href=\"#_ftnref2\" name=\"_ftn2\">[2]<\/a> Campaign for Tobacco Free Kids, Factsheet, South Africa<\/em><\/p>\n<p><em><a href=\"#_ftnref3\" name=\"_ftn3\">[3]<\/a> Vellios N, Ross H, Perucic A-M (2018) Trends in cigarette demand and supply in Africa. PLoS ONE 13(8): e0202467. <\/em><a href=\"https:\/\/doi.org\/10.1371\/journal.pone.0202467\"><em>https:\/\/doi.org\/10.1371\/journal.pone.0202467<\/em><\/a><\/p>\n<p><span style=\"color: #e8e8e8;\">|| \u00a9DNF Pour un monde Z\u00e9ro Tabac <\/span><\/p>\n","protected":false},"excerpt":{"rendered":"<p>Les politiques de contr\u00f4le du tabac en Afrique du Sud ont permis la diminution significative du tabagisme dans le pays[1]. La pr\u00e9valence tabagique dans le pays passe ainsi de 33 \u00e0 20% entre 1993 et 2010. Pourtant, l\u2019Afrique du Sud constituait le principal march\u00e9 du continent pour la consommation de cigarettes au d\u00e9but des ann\u00e9es [&hellip;]<\/p>\n","protected":false},"featured_media":18678,"template":"","tags":[],"thematique":[474],"class_list":["post-19465","actualites","type-actualites","status-publish","has-post-thumbnail","hentry","thematique-sante"],"acf":[],"_links":{"self":[{"href":"https:\/\/www.generationsanstabac.org\/en\/wp-json\/wp\/v2\/actualites\/19465","targetHints":{"allow":["GET"]}}],"collection":[{"href":"https:\/\/www.generationsanstabac.org\/en\/wp-json\/wp\/v2\/actualites"}],"about":[{"href":"https:\/\/www.generationsanstabac.org\/en\/wp-json\/wp\/v2\/types\/actualites"}],"version-history":[{"count":0,"href":"https:\/\/www.generationsanstabac.org\/en\/wp-json\/wp\/v2\/actualites\/19465\/revisions"}],"wp:featuredmedia":[{"embeddable":true,"href":"https:\/\/www.generationsanstabac.org\/en\/wp-json\/wp\/v2\/media\/18678"}],"wp:attachment":[{"href":"https:\/\/www.generationsanstabac.org\/en\/wp-json\/wp\/v2\/media?parent=19465"}],"wp:term":[{"taxonomy":"post_tag","embeddable":true,"href":"https:\/\/www.generationsanstabac.org\/en\/wp-json\/wp\/v2\/tags?post=19465"},{"taxonomy":"thematique","embeddable":true,"href":"https:\/\/www.generationsanstabac.org\/en\/wp-json\/wp\/v2\/thematique?post=19465"}],"curies":[{"name":"wp","href":"https:\/\/api.w.org\/{rel}","templated":true}]}}