{"id":19461,"date":"2019-12-27T12:56:50","date_gmt":"2019-12-27T11:56:50","guid":{"rendered":"https:\/\/www.generationsanstabac.org\/actualites\/les-fumeurs-adultes-sont-sensibles-au-prix-du-tabac\/"},"modified":"2019-12-27T12:56:50","modified_gmt":"2019-12-27T11:56:50","slug":"les-fumeurs-adultes-sont-sensibles-au-prix-du-tabac","status":"publish","type":"actualites","link":"https:\/\/www.generationsanstabac.org\/en\/actualites\/les-fumeurs-adultes-sont-sensibles-au-prix-du-tabac\/","title":{"rendered":"Adult smokers are sensitive to the price of tobacco"},"content":{"rendered":"<p style=\"text-align: justify;\">Tobacco price increases lead to an increased likelihood of quitting. Despite popular belief, adult smokers are sensitive to tobacco taxation, even more so than adolescents (DeCicca et al. 2008).<\/p>\n<p style=\"text-align: justify;\">Article 6 of the WHO Framework Convention on Tobacco Control presents tax measures as a means of reducing demand for tobacco. This is called behavioral taxation, defined as &quot;a set of taxes whose purpose is to influence the behavior of consumers to divert them from practices deemed harmful to their well-being&quot; (PY Cusset, 2013).<\/p>\n<p style=\"text-align: justify;\">Mature adult smokers (aged 45\u201359) are sensitive to tobacco prices. According to DeCicca and McLeod (2008), an increase in the excise tax on a pack of cigarettes of $1 leads to a decrease in daily smoking by 1 to 1.5% in this age group. According to the authors, this represents a decrease in smoking prevalence of 6 to 8%.<\/p>\n<p style=\"text-align: justify;\">Behavioural taxes help reduce the level of consumption of a harmful product. They are one of the effective levers according to the WHO Framework Convention on Tobacco Control.<\/p>\n<p><a href=\"https:\/\/www.generationsanstabac.org\/en\/?s=fiscalit%C3%A9\" target=\"_blank\" rel=\"noopener noreferrer\"><span style=\"color: #666699;\">\u00a9Generation Without Tobacco<\/span><\/a><\/p>\n<hr \/>\n<p><span style=\"color: #e8e8e8;\">|| \u00a9DNF For a Zero Tobacco world <\/span><\/p>","protected":false},"excerpt":{"rendered":"<p>La hausses des prix du tabac entra\u00eene une probabilit\u00e9 accrue de cesser de fumer. En d\u00e9pit des id\u00e9es re\u00e7ues, les fumeurs adultes sont sensibles \u00e0 la taxation du tabac. Ils le sont m\u00eame plus que les adolescents (DeCicca et al. 2008). L\u2019article 6 de la Convention-cadre de l\u2019OMS pour la lutte antitabac pr\u00e9sente les mesures [&hellip;]<\/p>\n","protected":false},"featured_media":14868,"template":"","tags":[],"thematique":[491,474],"class_list":["post-19461","actualites","type-actualites","status-publish","has-post-thumbnail","hentry","thematique-politiques-publiques","thematique-sante"],"acf":[],"_links":{"self":[{"href":"https:\/\/www.generationsanstabac.org\/en\/wp-json\/wp\/v2\/actualites\/19461","targetHints":{"allow":["GET"]}}],"collection":[{"href":"https:\/\/www.generationsanstabac.org\/en\/wp-json\/wp\/v2\/actualites"}],"about":[{"href":"https:\/\/www.generationsanstabac.org\/en\/wp-json\/wp\/v2\/types\/actualites"}],"version-history":[{"count":0,"href":"https:\/\/www.generationsanstabac.org\/en\/wp-json\/wp\/v2\/actualites\/19461\/revisions"}],"wp:featuredmedia":[{"embeddable":true,"href":"https:\/\/www.generationsanstabac.org\/en\/wp-json\/wp\/v2\/media\/14868"}],"wp:attachment":[{"href":"https:\/\/www.generationsanstabac.org\/en\/wp-json\/wp\/v2\/media?parent=19461"}],"wp:term":[{"taxonomy":"post_tag","embeddable":true,"href":"https:\/\/www.generationsanstabac.org\/en\/wp-json\/wp\/v2\/tags?post=19461"},{"taxonomy":"thematique","embeddable":true,"href":"https:\/\/www.generationsanstabac.org\/en\/wp-json\/wp\/v2\/thematique?post=19461"}],"curies":[{"name":"wp","href":"https:\/\/api.w.org\/{rel}","templated":true}]}}