{"id":19458,"date":"2019-12-27T12:52:22","date_gmt":"2019-12-27T11:52:22","guid":{"rendered":"https:\/\/www.generationsanstabac.org\/actualites\/le-tabagisme-passif-en-prison\/"},"modified":"2019-12-27T12:52:22","modified_gmt":"2019-12-27T11:52:22","slug":"le-tabagisme-passif-en-prison","status":"publish","type":"actualites","link":"https:\/\/www.generationsanstabac.org\/en\/actualites\/le-tabagisme-passif-en-prison\/","title":{"rendered":"Passive smoking in prison"},"content":{"rendered":"<p style=\"text-align: justify;\">En France, la circulaire de 2007 pose le principe de protection des non-fumeurs contre le tabagisme passif en \u00e9tablissement p\u00e9nitencier<a href=\"#_ftn1\" name=\"_ftnref1\">[1]<\/a>. Il existe pourtant des obstacles \u00e0 l\u2019application de ces mesures de protection. Le tabagisme passif demeure un probl\u00e8me de sant\u00e9 publique en prison.<\/p>\n<p style=\"text-align: justify;\">Le tabac n\u2019est pas interdit partout en prison : l\u2019interdiction de fumer ne s\u2019applique pas dans les cellules accueillant des d\u00e9tenus majeurs. Pour les personnes d\u00e9tenues, le tabac est tol\u00e9r\u00e9 dans les cellules accueillant des majeurs exclusivement. A son arriv\u00e9e, le d\u00e9tenu doit pr\u00e9ciser s\u2019il est fumeur ou non-fumeur afin d\u2019\u00eatre affect\u00e9 dans une cellule adapt\u00e9e<a href=\"#_ftn2\" name=\"_ftnref2\">[2]<\/a>.<\/p>\n<p style=\"text-align: justify;\">Toutefois, la surpopulation carc\u00e9rale pose des difficult\u00e9s notables pour la pr\u00e9vention du tabagisme. En pratique, il est difficile de s\u00e9parer les fumeurs des non-fumeurs dans des cellules distinctes. Un ex d\u00e9tenu fran\u00e7ais a ainsi port\u00e9 plainte pour avoir occup\u00e9 pendant 120 jours des cellules de 21 et 20,75 m\u00b2 comportant une fen\u00eatre de petite dimension en compagnie de fumeurs. Cette promiscuit\u00e9 indique que son incarc\u00e9ration ne s\u2019est pas produite dans les conditions de salubrit\u00e9 requise. La d\u00e9cision du tribunal administratif de Caen du 24 septembre 2015 engage la responsabilit\u00e9 de l\u2019Etat pour atteinte \u00e0 la dignit\u00e9 humaine li\u00e9e au tabagisme passif.<\/p>\n<p style=\"text-align: justify;\">En vertu du principe d\u2019\u00e9quivalence des services de sant\u00e9 pour les d\u00e9tenus des \u00e9tablissements p\u00e9nitenciers par rapport au reste de la population (lien \u00e0 l\u2019article), la r\u00e9gulation du tabac en prison accompagne en principe le souci de pr\u00e9vention et de r\u00e9duction du tabagisme, conform\u00e9ment au Programme National de Lutte contre le Tabac. N\u00e9anmoins la concr\u00e9tisation de ces mesures de sant\u00e9 publique est complexe.<\/p>\n<p style=\"text-align: justify;\"><a href=\"https:\/\/www.generationsanstabac.org\/\" target=\"_blank\" rel=\"noopener noreferrer\"><span style=\"color: #666699;\">\u00a9G\u00e9n\u00e9ration Sans Tabac<\/span><\/a><\/p>\n<hr \/>\n<p><em><a href=\"#_ftnref1\" name=\"_ftn1\">[1]<\/a> Circulaire interminist\u00e9rielle DHOS\/O2\/DAP n<sup>o<\/sup> 2007-157 du 31 janvier 2007 relative aux conditions d\u2019application de l\u2019interdiction de fumer dans les lieux relevant de l\u2019administration p\u00e9nitentiaire. <\/em><\/p>\n<p><em><a href=\"#_ftnref2\" name=\"_ftn2\">[2]<\/a> GOUBIN  C., Evaluation  des  usages des  substances  psycho  actives  chez  les  mineurs incarc\u00e9r\u00e9s  \u00e0  l\u2019Etablissement  p\u00e9nitentiaire  pour  mineurs  d\u2019Orvault  en  2011,M\u00e9moire  de capacit\u00e9 en addictologie, Universit\u00e9 de Nantes 2012, 31p.<\/em><\/p>\n<p><span style=\"color: #e8e8e8;\">|| \u00a9DNF Pour un monde Z\u00e9ro Tabac <\/span><\/p>\n","protected":false},"excerpt":{"rendered":"<p>En France, la circulaire de 2007 pose le principe de protection des non-fumeurs contre le tabagisme passif en \u00e9tablissement p\u00e9nitencier[1]. Il existe pourtant des obstacles \u00e0 l\u2019application de ces mesures de protection. Le tabagisme passif demeure un probl\u00e8me de sant\u00e9 publique en prison. Le tabac n\u2019est pas interdit partout en prison : l\u2019interdiction de fumer [&hellip;]<\/p>\n","protected":false},"featured_media":19459,"template":"","tags":[],"thematique":[474],"class_list":["post-19458","actualites","type-actualites","status-publish","has-post-thumbnail","hentry","thematique-sante"],"acf":[],"_links":{"self":[{"href":"https:\/\/www.generationsanstabac.org\/en\/wp-json\/wp\/v2\/actualites\/19458","targetHints":{"allow":["GET"]}}],"collection":[{"href":"https:\/\/www.generationsanstabac.org\/en\/wp-json\/wp\/v2\/actualites"}],"about":[{"href":"https:\/\/www.generationsanstabac.org\/en\/wp-json\/wp\/v2\/types\/actualites"}],"version-history":[{"count":0,"href":"https:\/\/www.generationsanstabac.org\/en\/wp-json\/wp\/v2\/actualites\/19458\/revisions"}],"wp:featuredmedia":[{"embeddable":true,"href":"https:\/\/www.generationsanstabac.org\/en\/wp-json\/wp\/v2\/media\/19459"}],"wp:attachment":[{"href":"https:\/\/www.generationsanstabac.org\/en\/wp-json\/wp\/v2\/media?parent=19458"}],"wp:term":[{"taxonomy":"post_tag","embeddable":true,"href":"https:\/\/www.generationsanstabac.org\/en\/wp-json\/wp\/v2\/tags?post=19458"},{"taxonomy":"thematique","embeddable":true,"href":"https:\/\/www.generationsanstabac.org\/en\/wp-json\/wp\/v2\/thematique?post=19458"}],"curies":[{"name":"wp","href":"https:\/\/api.w.org\/{rel}","templated":true}]}}