{"id":19455,"date":"2019-12-27T12:45:54","date_gmt":"2019-12-27T11:45:54","guid":{"rendered":"https:\/\/www.generationsanstabac.org\/actualites\/le-dilemme-de-lehpad-face-au-tabagisme-ehpad\/"},"modified":"2019-12-27T12:45:54","modified_gmt":"2019-12-27T11:45:54","slug":"le-dilemme-de-lehpad-face-au-tabagisme-ehpad","status":"publish","type":"actualites","link":"https:\/\/www.generationsanstabac.org\/en\/actualites\/le-dilemme-de-lehpad-face-au-tabagisme-ehpad\/","title":{"rendered":"The EHPAD&#039;s dilemma in the face of smoking"},"content":{"rendered":"<p style=\"text-align: justify;\">In EHPADs, rooms are considered as substitutes for home. In France, smoking is therefore not prohibited under the decree of 15 November 2006. However, the director of the establishment may decide to prohibit smoking in rooms for health or safety reasons.<\/p>\n<p style=\"text-align: justify;\">The director of an EHPAD is faced with a duality of texts regarding smoking in his establishment. While he must ensure a harmonious community life and protect residents from the harmful effects of tobacco, he must also deal with the issue of the individual freedoms of his residents, in particular those guaranteed by the Charter of Rights and Freedoms of Dependent Persons and by the Charter of Rights and Freedoms of Persons Welcomed.<\/p>\n<p style=\"text-align: justify;\">In this context, the internal regulations are essential to balance these two dimensions of the residents&#039; lives. It turns out in particular that the concern to ensure the protection of non-smokers is a priority. The Circular of May 15, 2007 also specifies that establishments accommodating people in retirement homes must be equipped with fire protection equipment. The ban on smoking in the rooms is part of this concern to prevent fires by avoiding risky behavior.<\/p>\n<p style=\"text-align: justify;\">This dilemma can be resolved, for example, if the person in charge of the establishment chooses to set up outdoor smoking areas. As a reminder, approximately 10% of seniors smoke. (link to article on senior smoking).<\/p>\n<p><a href=\"https:\/\/www.generationsanstabac.org\/en\/\" target=\"_blank\" rel=\"noopener noreferrer\"><span style=\"color: #666699;\">\u00a9Generation Without Tobacco<\/span><\/a><\/p>\n<hr \/>\n<p><span style=\"color: #e8e8e8;\">|| \u00a9DNF For a Zero Tobacco world <\/span><\/p>","protected":false},"excerpt":{"rendered":"<p>En EHPAD, les chambres sont consid\u00e9r\u00e9es comme des substituts de domicile. En France, il n\u2019est donc pas interdit d\u2019y fumer au titre du d\u00e9cret du 15 novembre 2006. Toutefois, le directeur d\u2019\u00e9tablissement peut d\u00e9cider d\u2019interdire de fumer dans les chambres pour des raisons de sant\u00e9 ou de s\u00e9curit\u00e9. Le directeur d\u2019EHPAD fait face \u00e0 une [&hellip;]<\/p>\n","protected":false},"featured_media":14855,"template":"","tags":[],"thematique":[474],"class_list":["post-19455","actualites","type-actualites","status-publish","has-post-thumbnail","hentry","thematique-sante"],"acf":[],"_links":{"self":[{"href":"https:\/\/www.generationsanstabac.org\/en\/wp-json\/wp\/v2\/actualites\/19455","targetHints":{"allow":["GET"]}}],"collection":[{"href":"https:\/\/www.generationsanstabac.org\/en\/wp-json\/wp\/v2\/actualites"}],"about":[{"href":"https:\/\/www.generationsanstabac.org\/en\/wp-json\/wp\/v2\/types\/actualites"}],"version-history":[{"count":0,"href":"https:\/\/www.generationsanstabac.org\/en\/wp-json\/wp\/v2\/actualites\/19455\/revisions"}],"wp:featuredmedia":[{"embeddable":true,"href":"https:\/\/www.generationsanstabac.org\/en\/wp-json\/wp\/v2\/media\/14855"}],"wp:attachment":[{"href":"https:\/\/www.generationsanstabac.org\/en\/wp-json\/wp\/v2\/media?parent=19455"}],"wp:term":[{"taxonomy":"post_tag","embeddable":true,"href":"https:\/\/www.generationsanstabac.org\/en\/wp-json\/wp\/v2\/tags?post=19455"},{"taxonomy":"thematique","embeddable":true,"href":"https:\/\/www.generationsanstabac.org\/en\/wp-json\/wp\/v2\/thematique?post=19455"}],"curies":[{"name":"wp","href":"https:\/\/api.w.org\/{rel}","templated":true}]}}