{"id":19452,"date":"2019-12-27T10:28:11","date_gmt":"2019-12-27T09:28:11","guid":{"rendered":"https:\/\/www.generationsanstabac.org\/actualites\/la-fumee-de-tabac-principal-polluant-de-air-interieur\/"},"modified":"2019-12-27T10:28:11","modified_gmt":"2019-12-27T09:28:11","slug":"la-fumee-de-tabac-principal-polluant-de-air-interieur","status":"publish","type":"actualites","link":"https:\/\/www.generationsanstabac.org\/en\/actualites\/la-fumee-de-tabac-principal-polluant-de-air-interieur\/","title":{"rendered":"Tobacco smoke, the main indoor air pollutant"},"content":{"rendered":"<p style=\"text-align: justify;\">La qualit\u00e9 de l\u2019air int\u00e9rieur est g\u00e9n\u00e9ralement plus mauvaise que celle de l\u2019air ext\u00e9rieur. Parmi le spectre des huit principaux polluants pr\u00e9sents dans l\u2019air int\u00e9rieur, la fum\u00e9e de tabac entre dans la composition de 5 polluants chimiques. La fum\u00e9e de tabac environnementale (F.T.E) est la pollution de l\u2019air int\u00e9rieure la plus dangereuse<a href=\"#_ftn1\" name=\"_ftnref1\"><sup>[1]<\/sup><\/a>.<\/p>\n<p style=\"text-align: justify;\">Un ensemble de donn\u00e9es transversales recueillies en 2006 aupr\u00e8s d\u2019un \u00e9chantillon de foyers dans 31 pays (12 en Asie, 9 en Am\u00e9rique, 3 au Moyen Orient, 7 en Europe) montrent que la concentration de nicotine dans l\u2019air sont :<\/p>\n<ul style=\"text-align: justify;\">\n<li>17 fois plus \u00e9lev\u00e9es dans les foyers o\u00f9 un fumeur est pr\u00e9sent -par rapport \u00e0 un foyer non-fumeur ;<\/li>\n<li>12,9 fois plus \u00e9lev\u00e9es dans les foyers o\u00f9 le tabagisme est autoris\u00e9 \u00e0 l\u2019int\u00e9rieur ;<\/li>\n<li>Les concentrations de nicotine constat\u00e9es dans les cheveux des femmes et des enfants augmentent avec le nombre de fumeurs pr\u00e9sents dans le foyer<a href=\"#_ftn2\" name=\"_ftnref2\"><sup>[2]<\/sup><\/a>.<\/li>\n<\/ul>\n<p style=\"text-align: justify;\">M\u00eame en ouvrant les fen\u00eatres, les composants de la fum\u00e9e restent dans l\u2019air. Ils sont \u00e9galement en partie absorb\u00e9s par les rideaux, tissus, moquettes et leur \u00e9mission se poursuit dans le temps (lien article tabagisme tertiaire).<\/p>\n<p style=\"text-align: justify;\">L\u2019Agence europ\u00e9enne pour l\u2019environnement rappelle \u00ab qu\u2019un air int\u00e9rieur de mauvaise qualit\u00e9 peut \u00eatre nocif \u00bb<a href=\"#_ftn3\" name=\"_ftnref3\"><sup>[3]<\/sup><\/a> et ce notamment pour les groupes vuln\u00e9rables et les enfants. Les cons\u00e9quences de l\u2019exposition peuvent \u00eatre imm\u00e9diates en cas d\u2019exposition aigue avec un niveau de concentration \u00e9lev\u00e9e ou affecter l\u2019individu sur le long terme en cas d\u2019exposition chronique.<\/p>\n<p style=\"text-align: justify;\">Dans un contexte o\u00f9 de nombreux pays ont encadr\u00e9 le tabagisme dans les lieux \u00e0 usage public et o\u00f9 il existe une v\u00e9ritable tendance \u00e0 l\u2019extension des interdictions du tabac dans ces lieux, le tabagisme passif dans les lieux priv\u00e9s reste courant<a href=\"#_ftn4\" name=\"_ftnref4\"><sup>[4]<\/sup><\/a>. L\u2019OMS rappelle que le tabagisme passif demeure un probl\u00e8me majeur<a href=\"#_ftn5\" name=\"_ftnref5\"><sup>[5]<\/sup><\/a>.<\/p>\n<p><span style=\"color: #666699;\">\u00a9G\u00e9n\u00e9ration Sans Tabac<\/span><\/p>\n<hr \/>\n<p><em><a href=\"#_ftnref1\" name=\"_ftn1\">[1]<\/a> http:\/\/www.laircmonaffaire.net\/pdf\/laircmonaffaire_fumee_tabac.pdf<\/em><\/p>\n<p><em><a href=\"#_ftnref2\" name=\"_ftn2\">[2]<\/a> National Cancer Institute website, <a href=\"https:\/\/cancercontrol.cancer.gov\/brp\/tcrb\/monographs\/21\/docs\/m21_complete.pdf%20p.56\">https:\/\/cancercontrol.cancer.gov\/brp\/tcrb\/monographs\/21\/docs\/m21_complete.pdf p.56<\/a><\/em><\/p>\n<p><em><a href=\"#_ftnref3\" name=\"_ftn3\">[3]<\/a> Site internet de l\u2019Agence europ\u00e9enne pour l\u2019environnement,  <a href=\"https:\/\/www.eea.europa.eu\/fr\/signaux\/signaux-2013\/articles\/la-qualite-de-l2019air-interieur\">https:\/\/www.eea.europa.eu\/fr\/signaux\/signaux-2013\/articles\/la-qualite-de-l2019air-interieur<\/a><\/em><\/p>\n<p><em><a href=\"#_ftnref4\" name=\"_ftn4\">[4]<\/a>WHO website, <a href=\"https:\/\/www.who.int\/gho\/phe\/secondhand_smoke\/en\/\">https:\/\/www.who.int\/gho\/phe\/secondhand_smoke\/en\/<\/a><\/em><\/p>\n<p><em><a href=\"#_ftnref5\" name=\"_ftn5\">[5]<\/a> Idem<\/em><\/p>\n<p><span style=\"color: #e8e8e8;\">|| \u00a9DNF Pour un monde Z\u00e9ro Tabac <\/span><\/p>\n","protected":false},"excerpt":{"rendered":"<p>La qualit\u00e9 de l\u2019air int\u00e9rieur est g\u00e9n\u00e9ralement plus mauvaise que celle de l\u2019air ext\u00e9rieur. Parmi le spectre des huit principaux polluants pr\u00e9sents dans l\u2019air int\u00e9rieur, la fum\u00e9e de tabac entre dans la composition de 5 polluants chimiques. La fum\u00e9e de tabac environnementale (F.T.E) est la pollution de l\u2019air int\u00e9rieure la plus dangereuse[1]. Un ensemble de [&hellip;]<\/p>\n","protected":false},"featured_media":14850,"template":"","tags":[],"thematique":[480,474],"class_list":["post-19452","actualites","type-actualites","status-publish","has-post-thumbnail","hentry","thematique-environnement","thematique-sante"],"acf":[],"_links":{"self":[{"href":"https:\/\/www.generationsanstabac.org\/en\/wp-json\/wp\/v2\/actualites\/19452","targetHints":{"allow":["GET"]}}],"collection":[{"href":"https:\/\/www.generationsanstabac.org\/en\/wp-json\/wp\/v2\/actualites"}],"about":[{"href":"https:\/\/www.generationsanstabac.org\/en\/wp-json\/wp\/v2\/types\/actualites"}],"version-history":[{"count":0,"href":"https:\/\/www.generationsanstabac.org\/en\/wp-json\/wp\/v2\/actualites\/19452\/revisions"}],"wp:featuredmedia":[{"embeddable":true,"href":"https:\/\/www.generationsanstabac.org\/en\/wp-json\/wp\/v2\/media\/14850"}],"wp:attachment":[{"href":"https:\/\/www.generationsanstabac.org\/en\/wp-json\/wp\/v2\/media?parent=19452"}],"wp:term":[{"taxonomy":"post_tag","embeddable":true,"href":"https:\/\/www.generationsanstabac.org\/en\/wp-json\/wp\/v2\/tags?post=19452"},{"taxonomy":"thematique","embeddable":true,"href":"https:\/\/www.generationsanstabac.org\/en\/wp-json\/wp\/v2\/thematique?post=19452"}],"curies":[{"name":"wp","href":"https:\/\/api.w.org\/{rel}","templated":true}]}}