{"id":19447,"date":"2019-12-26T16:45:51","date_gmt":"2019-12-26T15:45:51","guid":{"rendered":"https:\/\/www.generationsanstabac.org\/actualites\/le-tabac-comme-obstacle-au-developpement\/"},"modified":"2019-12-26T16:45:51","modified_gmt":"2019-12-26T15:45:51","slug":"le-tabac-comme-obstacle-au-developpement","status":"publish","type":"actualites","link":"https:\/\/www.generationsanstabac.org\/en\/actualites\/le-tabac-comme-obstacle-au-developpement\/","title":{"rendered":"Tobacco as an obstacle to the development of developing countries"},"content":{"rendered":"<p style=\"text-align: justify;\">Les pays \u00e0 faibles revenus et revenus interm\u00e9diaires (pays en d\u00e9veloppement), confront\u00e9s \u00e0 des probl\u00e9matiques de d\u00e9veloppement urgentes, font souvent passer au second plan les risques sanitaires et \u00e9conomiques du tabagisme, dont les effets sont largement sous-estim\u00e9s.<\/p>\n<p style=\"text-align: justify;\">De plus en plus de preuves accumul\u00e9es tendent \u00e0 d\u00e9montrer que <strong>tabagisme et pauvret\u00e9 sont \u00e9troitement li\u00e9s<\/strong>. Autrement dit, qu\u2019il s\u2019agisse de sa culture, de son commerce ou de sa consommation, <strong>le tabac constitue toujours un obstacle au d\u00e9veloppement<\/strong>.<\/p>\n<p style=\"text-align: justify;\">On s\u2019aper\u00e7oit que <strong>les personnes \u00e0 bas revenu ont des taux de tabagisme plus \u00e9lev\u00e9s que le reste de la population.<\/strong> Le tabagisme des plus pauvres implique une hausse des d\u00e9penses li\u00e9es \u00e0 la sant\u00e9, une baisse substantielle de la productivit\u00e9, et autant de ressources qui pourraient \u00eatre allou\u00e9es \u00e0 d\u2019autres postes de d\u00e9pense, comme l\u2019\u00e9ducation, l\u2019alimentation. Ainsi, en Inde, on estime que <strong>15 millions de personnes sont pouss\u00e9es dans la pauvret\u00e9 en raison de la consommation de tabac<\/strong><a href=\"#_ftn1\" name=\"_ftnref1\"><sup>[1]<\/sup><\/a>.<\/p>\n<p style=\"text-align: justify;\">La culture du tabac est par ailleurs une activit\u00e9 extr\u00eamement co\u00fbteuse, en raison des quantit\u00e9s de produits chimiques qu\u2019elle n\u00e9cessite, mais \u00e9galement \u00e0 cause des quantit\u00e9s de travail qu\u2019elle exige. Pour cultiver un hectare de feuilles de tabac, environ 3000 heures de travail par an et par personne<a href=\"#_ftn2\" name=\"_ftnref2\"><sup>[2]<\/sup><\/a>, contre 265 pour la m\u00eame surface de ma\u00efs, repr\u00e9sentant 11 \u00e0 12 heures de travail par jour<a href=\"#_ftn3\" name=\"_ftnref3\"><sup>[3]<\/sup><\/a>. Pour ces raisons, <strong>la culture du tabac est \u00e0 l\u2019origine de l\u2019endettement de nombreux cultivateurs<\/strong>. Dans beaucoup de pays, les enfants non scolaris\u00e9s repr\u00e9sentent une part cons\u00e9quente de la main-d\u2019\u0153uvre, augmentant les risques de pauvret\u00e9 g\u00e9n\u00e9rationnelle.<\/p>\n<p style=\"text-align: justify;\">La culture du tabac est extr\u00eamement nocive pour la sant\u00e9, en raison de l\u2019exposition quotidienne aux produits chimiques notamment. Ainsi, <strong>48% des cultivateurs de tabac au Br\u00e9sil ont d\u00e9clar\u00e9 avoir identifi\u00e9 des probl\u00e8mes de sant\u00e9 li\u00e9s aux pesticides<\/strong> au sein de leur famille. La maladie du tabac vert est une maladie professionnelle par ailleurs tr\u00e8s pr\u00e9occupante.<\/p>\n<p style=\"text-align: justify;\">Enfin, au niveau national, le tabagisme repr\u00e9sente un co\u00fbt sanitaire \u00e9norme, en raison des d\u00e9c\u00e8s pr\u00e9matur\u00e9s, des maladies, et des diminutions de productivit\u00e9 qu\u2019il induit. En C\u00f4te d\u2019Ivoire, le co\u00fbt \u00e9conomique du tabac s\u2019\u00e9l\u00e8ve \u00e0 pr\u00e8s de 100 millions d\u2019euros, en comptant les d\u00e9penses li\u00e9es \u00e0 la sant\u00e9 et les pertes de productivit\u00e9. 9 000 ivoiriens meurent chaque ann\u00e9e \u00e0 cause du tabac. Dans son article 17, la Convention-cadre de l\u2019Organisation Mondiale de la Sant\u00e9 pour la lutte antitabac souligne la n\u00e9cessit\u00e9 de proposer des alternatives \u00e9conomiquement viables \u00e0 la culture du tabac.<\/p>\n<p><span style=\"color: #666699;\">\u00a9G\u00e9n\u00e9ration Sans Tabac<\/span><\/p>\n<hr \/>\n<p><em><a href=\"#_ftnref1\" name=\"_ftn1\"><sup>[1]<\/sup><\/a> <a href=\"http:\/\/ash.org.uk\/wp-content\/uploads\/2019\/07\/ASH-Factsheet_Developing-World_v3.pdf\">http:\/\/ash.org.uk\/wp-content\/uploads\/2019\/07\/ASH-Factsheet_Developing-World_v3.pdf<\/a><\/em><\/p>\n<p><em><a href=\"#_ftnref2\" name=\"_ftn2\"><sup>[2]<\/sup><\/a> <a href=\"https:\/\/www.stop-tabac.ch\/fr\/la-culture-du-tabac\">https:\/\/www.stop-tabac.ch\/fr\/la-culture-du-tabac<\/a><\/em><\/p>\n<p><em><a href=\"#_ftnref3\" name=\"_ftn3\"><sup>[3]<\/sup><\/a> <a href=\"https:\/\/www.who.int\/tobacco\/communications\/events\/wntd\/2004\/en\/wntd2004_brochure_en.pdf\">https:\/\/www.who.int\/tobacco\/communications\/events\/wntd\/2004\/en\/wntd2004_brochure_en.pdf<\/a><\/em><\/p>\n<p><em> Source image : <\/em><\/p>\n<p><em>Fig.1 : <\/em><a href=\"http:\/\/www.trabajadores.cu\/20170211\/debaten-insuficiencias-aplicacion-la-resolucion-6\/\"><em>http:\/\/www.trabajadores.cu\/20170211\/debaten-insuficiencias-aplicacion-la-resolucion-6\/<\/em><\/a><\/p>\n<p><span style=\"color: #e8e8e8;\">|| \u00a9DNF Pour un monde Z\u00e9ro Tabac <\/span><\/p>\n","protected":false},"excerpt":{"rendered":"<p>Low- and middle-income countries, faced with urgent development challenges, often overlook the health and economic risks of smoking, the effects of which are largely underestimated.<\/p>","protected":false},"featured_media":19448,"template":"","tags":[],"thematique":[480],"class_list":["post-19447","actualites","type-actualites","status-publish","has-post-thumbnail","hentry","thematique-environnement"],"acf":[],"_links":{"self":[{"href":"https:\/\/www.generationsanstabac.org\/en\/wp-json\/wp\/v2\/actualites\/19447","targetHints":{"allow":["GET"]}}],"collection":[{"href":"https:\/\/www.generationsanstabac.org\/en\/wp-json\/wp\/v2\/actualites"}],"about":[{"href":"https:\/\/www.generationsanstabac.org\/en\/wp-json\/wp\/v2\/types\/actualites"}],"version-history":[{"count":0,"href":"https:\/\/www.generationsanstabac.org\/en\/wp-json\/wp\/v2\/actualites\/19447\/revisions"}],"wp:featuredmedia":[{"embeddable":true,"href":"https:\/\/www.generationsanstabac.org\/en\/wp-json\/wp\/v2\/media\/19448"}],"wp:attachment":[{"href":"https:\/\/www.generationsanstabac.org\/en\/wp-json\/wp\/v2\/media?parent=19447"}],"wp:term":[{"taxonomy":"post_tag","embeddable":true,"href":"https:\/\/www.generationsanstabac.org\/en\/wp-json\/wp\/v2\/tags?post=19447"},{"taxonomy":"thematique","embeddable":true,"href":"https:\/\/www.generationsanstabac.org\/en\/wp-json\/wp\/v2\/thematique?post=19447"}],"curies":[{"name":"wp","href":"https:\/\/api.w.org\/{rel}","templated":true}]}}